{"id":24288,"date":"2025-10-17T17:11:00","date_gmt":"2025-10-17T15:11:00","guid":{"rendered":"https:\/\/www.plus-de-bulles.com\/blog\/?p=24288"},"modified":"2024-09-06T10:19:32","modified_gmt":"2024-09-06T08:19:32","slug":"diebolt-vallois-elogio-di-una-famiglia-emblematica","status":"publish","type":"post","link":"https:\/\/www.plus-de-bulles.it\/blog\/diebolt-vallois-elogio-di-una-famiglia-emblematica\/","title":{"rendered":"Diebolt-Vallois: elogio di una famiglia emblematica"},"content":{"rendered":"\n[et_pb_section fb_built=&#8221;1&#8243; custom_padding_last_edited=&#8221;on|phone&#8221; _builder_version=&#8221;4.23&#8243; background_enable_image=&#8221;off&#8221; custom_margin=&#8221;0px|0px|0px|0px&#8221; custom_margin_tablet=&#8221;&#8221; custom_margin_phone=&#8221;&#8221; custom_margin_last_edited=&#8221;on|phone&#8221; custom_padding=&#8221;0px|0px|0px|0px&#8221; custom_padding_tablet=&#8221;&#8221; custom_padding_phone=&#8221;&#8221; border_style_all=&#8221;none&#8221; global_colors_info=&#8221;{}&#8221;][et_pb_row _builder_version=&#8221;4.16&#8243; background_size=&#8221;initial&#8221; background_position=&#8221;top_left&#8221; background_repeat=&#8221;repeat&#8221; global_colors_info=&#8221;{}&#8221;][et_pb_column type=&#8221;4_4&#8243; _builder_version=&#8221;4.16&#8243; custom_padding=&#8221;|||&#8221; global_colors_info=&#8221;{}&#8221; custom_padding__hover=&#8221;|||&#8221;][et_pb_text _builder_version=&#8221;4.23&#8243; text_font=&#8221;Montserrat||||||||&#8221; text_text_color=&#8221;#000000&#8243; text_font_size=&#8221;16px&#8221; header_2_font=&#8221;Playfair Display|900|on||||||&#8221; header_2_text_align=&#8221;center&#8221; header_2_text_color=&#8221;#cc9c00&#8243; header_2_font_size=&#8221;22px&#8221; header_2_letter_spacing=&#8221;1px&#8221; header_4_font=&#8221;Montserrat||||||||&#8221; header_4_text_align=&#8221;left&#8221; header_4_text_color=&#8221;#2b2b2b&#8221; header_4_font_size=&#8221;17px&#8221; text_orientation=&#8221;justified&#8221; text_font_size_tablet=&#8221;&#8221; text_font_size_phone=&#8221;&#8221; text_font_size_last_edited=&#8221;on|phone&#8221; header_2_font_size_tablet=&#8221;&#8221; header_2_font_size_phone=&#8221;18px&#8221; header_2_font_size_last_edited=&#8221;on|phone&#8221; global_colors_info=&#8221;{}&#8221;]<p><span>La loro felicit\u00e0 \u00e8 stare insieme. Bastano poche parole scambiate con Arnaud perch\u00e9 parli con una voce comune e dica \u00ab Noi \u00bb. Il <a href=\"https:\/\/www.diebolt-vallois.com\"><strong>Champagne Diebolt-Vallois<\/strong><\/a> \u00e8 un affare di famiglia in cui tre generazioni coabitano e collaborano quotidianamente per la perpetuazione del Domaine.<\/span><\/p>\n<p><em>&#8216;Ogni giorno ci sono ancora i miei genitori,<strong> Jacques<\/strong> e <strong>Nadia<\/strong>, che nonostante le loro 80 vendemmie, amano sempre darci i loro consigli preziosi. Mia sorella <strong>Isabelle<\/strong>, che si occupa della commercializzazione e dell&#8217;amministrazione, ha anche un grande talento come degustatrice. Le nostre radici sono una sola e sapere che le mie figlie, <strong>Oph\u00e9lie<\/strong> e <strong>Philippine<\/strong>, riprenderanno il testimone \u00e8 la mia pi\u00f9 grande soddisfazione&#8217;.<\/em><\/p>\n<p>&nbsp;<\/p>\n<h2><span>&#8220;Si nasce vignaioli&#8221;<\/span><\/h2>\n<p>&nbsp;<\/p>\n<p><strong>Arnaud<\/strong> \u00e8 profondamente convinto che si nasca vignaioli. Lui stesso \u00e8 caduto nel tino all&#8217;alba della sua vita. <em>&#8216;Non so se San Vincenzo si sia chinato sulla mia culla alla mia nascita, ma in ogni caso, ogni mercoled\u00ec dopo i compiti, il mio piccolo piacere era andare a fare lavoretti nell&#8217;azienda&#8217;.<\/em><\/p>\n<p>\u00c8 stato <strong>Jacques<\/strong>, suo padre, a trasmettergli il virus. Quest&#8217;ultimo ha acquistato le sue prime parcelle nel <a href=\"https:\/\/www.vinotrip.com\/fr\/vignoble\/champagne\">vigneto di Champagne<\/a> al suo ritorno dalla guerra d&#8217;Algeria negli anni &#8217;60 per mettersi in proprio. Poi, nel 1978, <strong>Nadia<\/strong>, sua moglie, eredita le vigne dei suoi genitori.<\/p>\n<p>L&#8217;amore per la terra obbliga, qualche anno dopo, sia <strong>Arnaud<\/strong> che sua sorella acquistano anche loro delle vigne. Poco a poco, il Domaine si espande fino a raggiungere oggi 14 ettari. <em>&#8216;Autonomi ma uniti, le nostre vigne rispettive servono un solo nome, quello di Diebolt-Vallois&#8217;.<\/em><\/p>\n<p>Se la casa di famiglia si trova a Cramant, il vigneto si estende principalmente sui villaggi di <strong>Cramant, Chouilly, Le Mesnil-sur-Oger, Oger<\/strong> (4 villaggi classificati Grand Cru) e <strong>Cuis<\/strong> (classificato Premier Cru). Altre parcelle si trovano sui Coteaux d&#8217;Epernay nei luoghi detti Les Toulettes e les Hautes Justices. Tutte sono piantate a Chardonnay, il loro vitigno preferito. Alcune parcelle nella valle dell&#8217;Ardre e nella C\u00f4te des Bar, piantate a Pinot Noir e Pinot Meunier, completano il Domaine.<\/p>[\/et_pb_text][et_pb_image src=&#8221;https:\/\/www.plus-de-bulles.com\/blog\/wp-content\/uploads\/2024\/02\/PBL-Diebolt.jpg&#8221; align_tablet=&#8221;center&#8221; align_phone=&#8221;&#8221; align_last_edited=&#8221;on|desktop&#8221; _builder_version=&#8221;4.16&#8243; global_colors_info=&#8221;{}&#8221;][\/et_pb_image][et_pb_text _builder_version=&#8221;4.23&#8243; text_font=&#8221;Montserrat||||||||&#8221; text_text_color=&#8221;#000000&#8243; text_font_size=&#8221;16px&#8221; link_text_color=&#8221;#111937&#8243; header_2_font=&#8221;Playfair Display|900|on||||||&#8221; header_2_text_align=&#8221;center&#8221; header_2_text_color=&#8221;#cc9c00&#8243; header_2_font_size=&#8221;22px&#8221; header_2_letter_spacing=&#8221;1px&#8221; header_4_font=&#8221;Montserrat||||||||&#8221; header_4_text_align=&#8221;left&#8221; header_4_text_color=&#8221;#2b2b2b&#8221; header_4_font_size=&#8221;17px&#8221; text_orientation=&#8221;justified&#8221; text_font_size_tablet=&#8221;&#8221; text_font_size_phone=&#8221;&#8221; text_font_size_last_edited=&#8221;on|phone&#8221; header_2_font_size_tablet=&#8221;&#8221; header_2_font_size_phone=&#8221;18px&#8221; header_2_font_size_last_edited=&#8221;on|phone&#8221; global_colors_info=&#8221;{}&#8221;]<h2>\u00a0&#8220;<span>Restare onesti e fedeli alle nostre convinzioni<\/span>&#8220;<\/h2>\n<p>&nbsp;<\/p>\n<p><span>Il vigneto \u00e8 gestito con una lotta ragionata, con un minimo di trattamenti e un progressivo inerbimento delle parcelle. <em>&#8220;Ogni anno, dall&#8217;arrivo di <strong>Oph\u00e9lie<\/strong>, ingegnere agronomo specializzato nella vite, modernizziamo progressivamente i nostri metodi di coltivazione. Oggi, pi\u00f9 del 50% del vigneto \u00e8, ad esempio, lavorato con l&#8217;aratro. Ogni anno, lavoriamo 2-3 parcelle in pi\u00f9 con questo spirito. Speriamo di raggiungere il nostro obiettivo di <strong>Zero Diserbanti<\/strong> entro il 2022.<\/em><\/span><\/p>\n<p><em>La nostra volont\u00e0 era di impegnarci in un approccio di <strong>piena consapevolezza<\/strong>, essendo responsabili e coinvolti. Non cerchiamo di entrare nel sistema ottenendo, ad esempio, una certificazione dopo l&#8217;altra. Quando si \u00e8 sicuri di ci\u00f2 che si produce, non \u00e8 indispensabile&#8217;.<\/em><\/p>\n<p>&nbsp;<\/p>\n<h2>&#8220;<span>In ogni nostra bottiglia, degustate l&#8217;impronta di una famiglia<\/span>&#8220;<\/h2>\n<p>&nbsp;<\/p>\n<p><span>Questa esigenza qualitativa si ritrova anche nei nostri vini. <em>&#8216;Si dice spesso che un vino \u00e8 a immagine del suo creatore, che riflette lo stato d&#8217;animo, quasi l&#8217;impronta vibratoria, in cui si trovava. Nel nostro caso, credo che non sia l&#8217;impronta di un uomo, ma di un nome e di un terroir&#8217;.<\/em><\/span><\/p>\n<p>&nbsp;<\/p>\n<h2><span>La firma Diebolt-Vallois?<\/span><\/h2>\n<p>&nbsp;<\/p>\n<p>&#8216;Fragranze burrose, note di pasticceria che si trasformano in effluvi di moka grazie alla leggerezza e alla corposit\u00e0 dei nostri Chardonnay, che ci permettono di elaborare vini ricchi e potenti con una finale fresca. Speriamo di produrre bei vini semplici che devono essere degustati quando si ha voglia di felicit\u00e0&#8217;.<\/p>\n<p>E la felicit\u00e0 di Arnaud \u00e8 condividere. Condividere il suo tempo, la sua esperienza e le sue perle. Grazie ai suoi numerosi legami di amicizia con sommelier internazionali, l&#8217;uomo ci rivela i suoi due ricordi di degustazione pi\u00f9 memorabili. &#8216;Un Millesimato 1921, un Pinot Noir di Bouzy e un Cramant puro del 1947. Questi vini da collezione mi hanno ispirato a creare a mia volta una scatola di legno con 6 Millesimati &#8216;Fleur de Passion&#8217; provenienti da vendemmie eccezionali. Il pi\u00f9 vecchio attualmente in vendita risale al 1997, un&#8217;annata floreale ed elegante.<\/p>\n<p>Saper degustare \u00e8 un vero allenamento che richiede rigore, regolarit\u00e0 e diversit\u00e0. Il ruolo dello Champagne \u00e8 anche quello di sensibilizzare la giovane generazione a consumare vini di alta qualit\u00e0&#8217;.<\/p>[\/et_pb_text][et_pb_image src=&#8221;https:\/\/www.plus-de-bulles.com\/blog\/wp-content\/uploads\/2024\/02\/PBL-Arnaud.jpg&#8221; align_tablet=&#8221;center&#8221; align_phone=&#8221;&#8221; align_last_edited=&#8221;on|desktop&#8221; _builder_version=&#8221;4.16&#8243; global_colors_info=&#8221;{}&#8221;][\/et_pb_image][et_pb_text _builder_version=&#8221;4.23&#8243; text_font=&#8221;Montserrat||||||||&#8221; text_text_color=&#8221;#000000&#8243; text_font_size=&#8221;16px&#8221; link_text_color=&#8221;#111937&#8243; header_2_font=&#8221;Playfair Display|900|on||||||&#8221; header_2_text_align=&#8221;center&#8221; header_2_text_color=&#8221;#cc9c00&#8243; header_2_font_size=&#8221;22px&#8221; header_2_letter_spacing=&#8221;1px&#8221; header_4_font=&#8221;Montserrat||||||||&#8221; header_4_text_align=&#8221;left&#8221; header_4_text_color=&#8221;#2b2b2b&#8221; header_4_font_size=&#8221;17px&#8221; text_orientation=&#8221;justified&#8221; text_font_size_tablet=&#8221;&#8221; text_font_size_phone=&#8221;&#8221; text_font_size_last_edited=&#8221;on|phone&#8221; header_2_font_size_tablet=&#8221;&#8221; header_2_font_size_phone=&#8221;18px&#8221; header_2_font_size_last_edited=&#8221;on|phone&#8221; global_colors_info=&#8221;{}&#8221;]<h2><span>&#8220;Il vostro momento Diebolt-Vallois?&#8221;<\/span><\/h2>\n<p>&nbsp;<\/p>\n<p><em><span>&#8216;Un momento in famiglia intorno a un camino. Servite loro uno dei nostri 100% Chardonnay rimasti in cantina per 7-10 anni. Gettate delicatamente delle capesante con le loro conchiglie sul fuoco. Non appena si aprono, significa che sono pronte. Godetevi l&#8217;alleanza magica di questo abbinamento cibo\/vino d&#8217;eccezione. Note burrose, mentolate e iodate vengono a danzare nel vostro palato&#8217;.<\/span><\/em><\/p>\n<p>&nbsp;<\/p>\n<h2><span>&#8220;Nel nome della rosa&#8221;<\/span><\/h2>\n<p>&nbsp;<\/p>\n<p>Quanto alla rosa che adorna le etichette delle cuv\u00e9e<strong> Diebolt-Vallois<\/strong>, e che non ha mancato di suscitare la curiosit\u00e0 di Plus de Bulles, <strong>Arnaud<\/strong> ci spiega con malizia che suo padre, appassionato collezionista del XVIII secolo, un giorno ha scoperto in una sala d&#8217;aste una piccola placca smaltata decorata con una rosa. Questa, che serviva a decorare i fusti, indicava soprattutto l&#8217;origine del vino.<\/p>\n<p><em>&#8216;Lo Champagne \u00e8 anche un vino d&#8217;amore, di storia e di poesia. Questa rosa \u00e8 quindi naturalmente diventata l&#8217;emblema della nostra famiglia&#8217;.<\/em><\/p>[\/et_pb_text][\/et_pb_column][\/et_pb_row][\/et_pb_section]\n","protected":false},"excerpt":{"rendered":"<p>La loro felicit\u00e0 \u00e8 stare insieme. Bastano poche parole scambiate con Arnaud perch\u00e9 parli con una voce comune e dica \u00ab Noi \u00bb. Il Champagne Diebolt-Vallois \u00e8 un affare di famiglia in cui tre generazioni coabitano e collaborano quotidianamente per la perpetuazione del Domaine. &#8216;Ogni giorno ci sono ancora i miei genitori, Jacques e Nadia, [&hellip;]<\/p>\n","protected":false},"author":2,"featured_media":0,"comment_status":"open","ping_status":"closed","sticky":false,"template":"","format":"standard","meta":{"_et_pb_use_builder":"on","_et_pb_old_content":"","_et_gb_content_width":"","footnotes":""},"categories":[27],"tags":[],"yoast_head":"<!-- This site is optimized with the Yoast SEO plugin v20.4 - https:\/\/yoast.com\/wordpress\/plugins\/seo\/ -->\n<title>Diebolt-Vallois: elogio di una famiglia emblematica<\/title>\n<meta name=\"description\" content=\"Scoprite la famiglia emblematica Diebolt-Vallois situata a Cramant. Immergetevi nella loro storia e scoprite il loro universo appassionato\" \/>\n<meta name=\"robots\" content=\"index, follow, max-snippet:-1, max-image-preview:large, max-video-preview:-1\" \/>\n<link rel=\"canonical\" href=\"https:\/\/www.plus-de-bulles.it\/blog\/diebolt-vallois-elogio-di-una-famiglia-emblematica\/\" \/>\n<meta property=\"og:locale\" content=\"it_IT\" \/>\n<meta property=\"og:type\" content=\"article\" \/>\n<meta property=\"og:title\" content=\"Diebolt-Vallois: elogio di una famiglia emblematica\" \/>\n<meta property=\"og:description\" content=\"Scoprite la famiglia emblematica Diebolt-Vallois situata a Cramant. Immergetevi nella loro storia e scoprite il loro universo appassionato\" \/>\n<meta property=\"og:url\" content=\"https:\/\/www.plus-de-bulles.it\/blog\/diebolt-vallois-elogio-di-una-famiglia-emblematica\/\" \/>\n<meta property=\"og:site_name\" content=\"Pi\u00f9 consigli su Bulles\" \/>\n<meta property=\"article:published_time\" content=\"2025-10-17T15:11:00+00:00\" \/>\n<meta property=\"article:modified_time\" content=\"2024-09-06T08:19:32+00:00\" \/>\n<meta name=\"author\" content=\"Benjamin Cherri\u00e8re\" \/>\n<meta name=\"twitter:card\" content=\"summary_large_image\" \/>\n<meta name=\"twitter:label1\" content=\"Written by\" \/>\n\t<meta name=\"twitter:data1\" content=\"Benjamin Cherri\u00e8re\" \/>\n\t<meta name=\"twitter:label2\" content=\"Est. reading time\" \/>\n\t<meta name=\"twitter:data2\" content=\"6 minuti\" \/>\n<script type=\"application\/ld+json\" class=\"yoast-schema-graph\">{\"@context\":\"https:\/\/schema.org\",\"@graph\":[{\"@type\":\"WebPage\",\"@id\":\"https:\/\/www.plus-de-bulles.it\/blog\/diebolt-vallois-elogio-di-una-famiglia-emblematica\/\",\"url\":\"https:\/\/www.plus-de-bulles.it\/blog\/diebolt-vallois-elogio-di-una-famiglia-emblematica\/\",\"name\":\"Diebolt-Vallois: elogio di una famiglia emblematica\",\"isPartOf\":{\"@id\":\"https:\/\/www.plus-de-bulles.it\/blog\/#website\"},\"datePublished\":\"2025-10-17T15:11:00+00:00\",\"dateModified\":\"2024-09-06T08:19:32+00:00\",\"author\":{\"@id\":\"https:\/\/www.plus-de-bulles.it\/blog\/#\/schema\/person\/a05d8d5ed5097dc6a6f9724a546bba23\"},\"description\":\"Scoprite la famiglia emblematica Diebolt-Vallois situata a Cramant. Immergetevi nella loro storia e scoprite il loro universo appassionato\",\"breadcrumb\":{\"@id\":\"https:\/\/www.plus-de-bulles.it\/blog\/diebolt-vallois-elogio-di-una-famiglia-emblematica\/#breadcrumb\"},\"inLanguage\":\"it-IT\",\"potentialAction\":[{\"@type\":\"ReadAction\",\"target\":[\"https:\/\/www.plus-de-bulles.it\/blog\/diebolt-vallois-elogio-di-una-famiglia-emblematica\/\"]}]},{\"@type\":\"BreadcrumbList\",\"@id\":\"https:\/\/www.plus-de-bulles.it\/blog\/diebolt-vallois-elogio-di-una-famiglia-emblematica\/#breadcrumb\",\"itemListElement\":[{\"@type\":\"ListItem\",\"position\":1,\"name\":\"Home\",\"item\":\"https:\/\/www.plus-de-bulles.it\/blog\/\"},{\"@type\":\"ListItem\",\"position\":2,\"name\":\"Reportage\",\"item\":\"https:\/\/www.plus-de-bulles.it\/blog\/reportage-domaine-champagne\/\"},{\"@type\":\"ListItem\",\"position\":3,\"name\":\"Diebolt-Vallois: elogio di una famiglia emblematica\"}]},{\"@type\":\"WebSite\",\"@id\":\"https:\/\/www.plus-de-bulles.it\/blog\/#website\",\"url\":\"https:\/\/www.plus-de-bulles.it\/blog\/\",\"name\":\"Pi\u00f9 consigli su Bulles\",\"description\":\"\",\"potentialAction\":[{\"@type\":\"SearchAction\",\"target\":{\"@type\":\"EntryPoint\",\"urlTemplate\":\"https:\/\/www.plus-de-bulles.it\/blog\/?s={search_term_string}\"},\"query-input\":\"required name=search_term_string\"}],\"inLanguage\":\"it-IT\"},{\"@type\":\"Person\",\"@id\":\"https:\/\/www.plus-de-bulles.it\/blog\/#\/schema\/person\/a05d8d5ed5097dc6a6f9724a546bba23\",\"name\":\"Benjamin Cherri\u00e8re\",\"image\":{\"@type\":\"ImageObject\",\"inLanguage\":\"it-IT\",\"@id\":\"https:\/\/www.plus-de-bulles.it\/blog\/#\/schema\/person\/image\/\",\"url\":\"https:\/\/secure.gravatar.com\/avatar\/bee8a44009f0a5ab886e265abaf2f146?s=96&d=mm&r=g\",\"contentUrl\":\"https:\/\/secure.gravatar.com\/avatar\/bee8a44009f0a5ab886e265abaf2f146?s=96&d=mm&r=g\",\"caption\":\"Benjamin Cherri\u00e8re\"},\"description\":\"J'ai fond\u00e9 Plus de Bulles en 2007 avec l'id\u00e9e de montrer que derri\u00e8re le mot champagne se cachaient une infinit\u00e9 de nuances et de styles. Depuis lors, je parcours la Champagne \u00e0 la d\u00e9couverte de nouveaux talents et de pr\u00e9cieuses p\u00e9pites \u00e0 partager.\",\"sameAs\":[\"https:\/\/www.plus-de-bulles.com\/blog\/\",\"https:\/\/www.instagram.com\/bcherriere\",\"https:\/\/www.youtube.com\/channel\/UCADHb9100clcUVUm247xHzA\"],\"url\":\"https:\/\/www.plus-de-bulles.it\/blog\/author\/bcherriere\/\"}]}<\/script>\n<!-- \/ Yoast SEO plugin. -->","yoast_head_json":{"title":"Diebolt-Vallois: elogio di una famiglia emblematica","description":"Scoprite la famiglia emblematica Diebolt-Vallois situata a Cramant. Immergetevi nella loro storia e scoprite il loro universo appassionato","robots":{"index":"index","follow":"follow","max-snippet":"max-snippet:-1","max-image-preview":"max-image-preview:large","max-video-preview":"max-video-preview:-1"},"canonical":"https:\/\/www.plus-de-bulles.it\/blog\/diebolt-vallois-elogio-di-una-famiglia-emblematica\/","og_locale":"it_IT","og_type":"article","og_title":"Diebolt-Vallois: elogio di una famiglia emblematica","og_description":"Scoprite la famiglia emblematica Diebolt-Vallois situata a Cramant. Immergetevi nella loro storia e scoprite il loro universo appassionato","og_url":"https:\/\/www.plus-de-bulles.it\/blog\/diebolt-vallois-elogio-di-una-famiglia-emblematica\/","og_site_name":"Pi\u00f9 consigli su Bulles","article_published_time":"2025-10-17T15:11:00+00:00","article_modified_time":"2024-09-06T08:19:32+00:00","author":"Benjamin Cherri\u00e8re","twitter_card":"summary_large_image","twitter_misc":{"Written by":"Benjamin Cherri\u00e8re","Est. reading time":"6 minuti"},"schema":{"@context":"https:\/\/schema.org","@graph":[{"@type":"WebPage","@id":"https:\/\/www.plus-de-bulles.it\/blog\/diebolt-vallois-elogio-di-una-famiglia-emblematica\/","url":"https:\/\/www.plus-de-bulles.it\/blog\/diebolt-vallois-elogio-di-una-famiglia-emblematica\/","name":"Diebolt-Vallois: elogio di una famiglia emblematica","isPartOf":{"@id":"https:\/\/www.plus-de-bulles.it\/blog\/#website"},"datePublished":"2025-10-17T15:11:00+00:00","dateModified":"2024-09-06T08:19:32+00:00","author":{"@id":"https:\/\/www.plus-de-bulles.it\/blog\/#\/schema\/person\/a05d8d5ed5097dc6a6f9724a546bba23"},"description":"Scoprite la famiglia emblematica Diebolt-Vallois situata a Cramant. Immergetevi nella loro storia e scoprite il loro universo appassionato","breadcrumb":{"@id":"https:\/\/www.plus-de-bulles.it\/blog\/diebolt-vallois-elogio-di-una-famiglia-emblematica\/#breadcrumb"},"inLanguage":"it-IT","potentialAction":[{"@type":"ReadAction","target":["https:\/\/www.plus-de-bulles.it\/blog\/diebolt-vallois-elogio-di-una-famiglia-emblematica\/"]}]},{"@type":"BreadcrumbList","@id":"https:\/\/www.plus-de-bulles.it\/blog\/diebolt-vallois-elogio-di-una-famiglia-emblematica\/#breadcrumb","itemListElement":[{"@type":"ListItem","position":1,"name":"Home","item":"https:\/\/www.plus-de-bulles.it\/blog\/"},{"@type":"ListItem","position":2,"name":"Reportage","item":"https:\/\/www.plus-de-bulles.it\/blog\/reportage-domaine-champagne\/"},{"@type":"ListItem","position":3,"name":"Diebolt-Vallois: elogio di una famiglia emblematica"}]},{"@type":"WebSite","@id":"https:\/\/www.plus-de-bulles.it\/blog\/#website","url":"https:\/\/www.plus-de-bulles.it\/blog\/","name":"Pi\u00f9 consigli su Bulles","description":"","potentialAction":[{"@type":"SearchAction","target":{"@type":"EntryPoint","urlTemplate":"https:\/\/www.plus-de-bulles.it\/blog\/?s={search_term_string}"},"query-input":"required name=search_term_string"}],"inLanguage":"it-IT"},{"@type":"Person","@id":"https:\/\/www.plus-de-bulles.it\/blog\/#\/schema\/person\/a05d8d5ed5097dc6a6f9724a546bba23","name":"Benjamin Cherri\u00e8re","image":{"@type":"ImageObject","inLanguage":"it-IT","@id":"https:\/\/www.plus-de-bulles.it\/blog\/#\/schema\/person\/image\/","url":"https:\/\/secure.gravatar.com\/avatar\/bee8a44009f0a5ab886e265abaf2f146?s=96&d=mm&r=g","contentUrl":"https:\/\/secure.gravatar.com\/avatar\/bee8a44009f0a5ab886e265abaf2f146?s=96&d=mm&r=g","caption":"Benjamin Cherri\u00e8re"},"description":"J'ai fond\u00e9 Plus de Bulles en 2007 avec l'id\u00e9e de montrer que derri\u00e8re le mot champagne se cachaient une infinit\u00e9 de nuances et de styles. Depuis lors, je parcours la Champagne \u00e0 la d\u00e9couverte de nouveaux talents et de pr\u00e9cieuses p\u00e9pites \u00e0 partager.","sameAs":["https:\/\/www.plus-de-bulles.com\/blog\/","https:\/\/www.instagram.com\/bcherriere","https:\/\/www.youtube.com\/channel\/UCADHb9100clcUVUm247xHzA"],"url":"https:\/\/www.plus-de-bulles.it\/blog\/author\/bcherriere\/"}]}},"_links":{"self":[{"href":"https:\/\/www.plus-de-bulles.it\/blog\/wp-json\/wp\/v2\/posts\/24288"}],"collection":[{"href":"https:\/\/www.plus-de-bulles.it\/blog\/wp-json\/wp\/v2\/posts"}],"about":[{"href":"https:\/\/www.plus-de-bulles.it\/blog\/wp-json\/wp\/v2\/types\/post"}],"author":[{"embeddable":true,"href":"https:\/\/www.plus-de-bulles.it\/blog\/wp-json\/wp\/v2\/users\/2"}],"replies":[{"embeddable":true,"href":"https:\/\/www.plus-de-bulles.it\/blog\/wp-json\/wp\/v2\/comments?post=24288"}],"version-history":[{"count":9,"href":"https:\/\/www.plus-de-bulles.it\/blog\/wp-json\/wp\/v2\/posts\/24288\/revisions"}],"predecessor-version":[{"id":27021,"href":"https:\/\/www.plus-de-bulles.it\/blog\/wp-json\/wp\/v2\/posts\/24288\/revisions\/27021"}],"wp:attachment":[{"href":"https:\/\/www.plus-de-bulles.it\/blog\/wp-json\/wp\/v2\/media?parent=24288"}],"wp:term":[{"taxonomy":"category","embeddable":true,"href":"https:\/\/www.plus-de-bulles.it\/blog\/wp-json\/wp\/v2\/categories?post=24288"},{"taxonomy":"post_tag","embeddable":true,"href":"https:\/\/www.plus-de-bulles.it\/blog\/wp-json\/wp\/v2\/tags?post=24288"}],"curies":[{"name":"wp","href":"https:\/\/api.w.org\/{rel}","templated":true}]}}