{"id":24217,"date":"2025-10-31T14:51:00","date_gmt":"2025-10-31T13:51:00","guid":{"rendered":"https:\/\/www.plus-de-bulles.com\/blog\/?p=24217"},"modified":"2024-09-10T15:25:11","modified_gmt":"2024-09-10T13:25:11","slug":"piccola-visita-da-francoise-bedel","status":"publish","type":"post","link":"https:\/\/www.plus-de-bulles.it\/blog\/piccola-visita-da-francoise-bedel\/","title":{"rendered":"Piccola visita a casa di Fran\u00e7oise Bedel"},"content":{"rendered":"\n[et_pb_section fb_built=&#8221;1&#8243; admin_label=&#8221;section&#8221; _builder_version=&#8221;4.23&#8243; custom_padding=&#8221;48px|||||&#8221; global_colors_info=&#8221;{}&#8221;][et_pb_row admin_label=&#8221;row&#8221; _builder_version=&#8221;4.23&#8243; background_size=&#8221;initial&#8221; background_position=&#8221;top_left&#8221; background_repeat=&#8221;repeat&#8221; custom_margin=&#8221;0px||||false|false&#8221; global_colors_info=&#8221;{}&#8221;][et_pb_column type=&#8221;4_4&#8243; _builder_version=&#8221;4.16&#8243; custom_padding=&#8221;|||&#8221; global_colors_info=&#8221;{}&#8221; custom_padding__hover=&#8221;|||&#8221;][et_pb_text admin_label=&#8221;Text&#8221; _builder_version=&#8221;4.23&#8243; background_size=&#8221;initial&#8221; background_position=&#8221;top_left&#8221; background_repeat=&#8221;repeat&#8221; global_colors_info=&#8221;{}&#8221;]<p><span>Ho approfittato del bel sole che ha regnato lo scorso sabato sulla Champagne (e il resto della Francia) per fare visita a Vincent e Christelle al <a href=\"https:\/\/www.champagne-bedel.fr\">domaine Fran\u00e7oise Bedel<\/a>. Una casa convertita alla biodinamica e che fu una delle prime a fare il passo nel 1998. Situato a Crouttes-sur-Marne, nell&#8217;Aisne, lo champagne <strong>Fran\u00e7oise Bedel<\/strong> possiede un vigneto di 8 ettari e 40 are di viti di et\u00e0 compresa tra i 20 e i 60 anni. Un vigneto dove domina il pinot meunier, con il 78% del domaine, completato dal 13% di chardonnay e dal 9% di pinot noir.<\/span><\/p>\n<h2><span>Una bella filosofia<\/span><\/h2>\n<p><span>\u00c8 una casa che ha una filosofia che mi piace molto, basata sul rispetto del terroir e della vigna. Su un&#8217;elaborazione delle cuv\u00e9e in simbiosi con l&#8217;evoluzione del vino e il ritmo degli anni. Qui nulla \u00e8 scolpito nella pietra, l&#8217;assemblaggio \u00e8 mutevole, una cuv\u00e9e pu\u00f2 essere composta al 100% da pinot meunier un anno, e accogliere pinot noir o chardonnay l&#8217;anno successivo.<\/span><\/p>\n<p><span>La casa lavora su uno stile, una firma, ed \u00e8 per questo che non si preoccupa e non si vincola con i blancs de blancs, i blancs de noirs&#8230; Lo stesso vale per il dosaggio, che evolve con i d\u00e9gorgements e l&#8217;evoluzione del vino.<\/span><\/p>\n<p><span>Alcune cuv\u00e9e sono declinate in brut, extra brut o nature, ma queste declinazioni evolvono, scompaiono e ritornano con l&#8217;evoluzione del vino. \u00c8 la forza di un vignaiolo indipendente poter modificare regolarmente la propria gamma, a differenza di una casa.<\/span><\/p>\n<p><span>Lo champagne Ayala, per esempio, propone tutte le sue cuv\u00e9e in versione non dosata, un sistema non necessariamente saggio<\/span>.<\/p>\n<h2><span>L&#8217;espressione del terroir<\/span><\/h2>\n<p><span>Dopo una visita al domaine, dalla cantina alla sala di vinificazione passando per il torchio da 3000 kg, Christelle e Vincent mi hanno proposto di degustare l&#8217;intera gamma. Un&#8217;opportunit\u00e0 che non mi sono lasciato sfuggire!<\/span><\/p>\n<p><span>Abbiamo iniziato con la cuv\u00e9e <strong>Origin\u2019Elle<\/strong>, il brut senza annata della casa, declinato in versione Brut e in versione Extra Brut. Un brut elaborato a partire da viti piantate su terreni calcarei e limosi<\/span>.<\/p>\n<p><span>La degustazione \u00e8 iniziata con la versione Nature. Una cuv\u00e9e dal naso rotondo, fruttato e lusinghiero. \u00c8 una cuv\u00e9e che ha trascorso 4-5 anni sui lieviti prima di essere messa in vendita, il che spiega in parte la sua rotondit\u00e0 e i suoi aromi arrotondati. In bocca si mantiene sullo stesso registro di rotondit\u00e0, morbidezza e untuosit\u00e0, con una freschezza ben presente in sottofondo.<\/span><\/p>\n<p><span>Nella sua declinazione brut, il vino mantiene queste linee di carattere, con tuttavia una fruttosit\u00e0 pi\u00f9 presente e una tensione meno palpabile. Ammetto una preferenza per la versione Extra Brut!<\/span><\/p>\n<h2><span>Un champagne, due dosaggi<\/span><\/h2>\n<p><span>Abbiamo proseguito con la cuv\u00e9e <strong>Dis Vin Secret<\/strong>, anche in questo caso una cuv\u00e9e declinata in due dosaggi: Brut e Nature.<\/span><\/p>\n<p><span>Ho iniziato la scoperta del <strong>Dis Vin Secret<\/strong> con la cuv\u00e9e Nature, uno champagne che gioca in equilibrio, combinando vinosa e fruttata. Una cuv\u00e9e che inizia con un naso di frutti ben maturi, quasi compostati. Un naso intenso, concentrato, con una nota acidula. In bocca, dietro un attacco ampio e fruttato, si ritrovano note acidule che ricordano la mela granny. Una cuv\u00e9e pensata per la gastronomia, e la cui versione Nature, secondo me, si abbiner\u00e0 molto bene con una carne bianca.<\/span><\/p>\n<p><span>Successivamente, abbiamo proseguito con la cuv\u00e9e <strong>Entre Ciel et Terre<\/strong>. Questo champagne, con un&#8217;etichetta riconoscibile tra mille, \u00e8 quello che ha segnato l&#8217;inizio della nuova direzione della casa verso la biodinamica. \u00c8 una cuv\u00e9e dritta e minerale, che evolve su una trama vinosa. Al naso, le prime note giocano sulla fioritura bianca, prima di evolvere verso note pi\u00f9 golose. In bocca, l&#8217;attacco \u00e8 vivace, poi il vino avvolge il palato con aromi di fiori e una bella trama minerale. Un vino abile, che gioca tra mineralit\u00e0 e vinosa.<\/span><\/p>\n<h2>2002 vs 2003<\/h2>\n<p><span>Questo puro momento di felicit\u00e0 \u00e8 continuato con la degustazione della cuv\u00e9e <strong>L\u2019\u00c2me de la Terre<\/strong>, il millesimato della casa, che ho avuto la fortuna di degustare sia nella sua attuale annata, il 2003, sia nella sua prossima iterazione, il millesimato 2002.<\/span><\/p>\n<p><span>Uno champagne, nella sua annata 2003, che si rivela attraverso un naso fruttato, molto goloso, che evolve addirittura verso una nota speziata. In bocca, il vino \u00e8 ampio, potente, vinosa, molto lungo e si conclude con una leggera nota iodata.<\/span><\/p>\n<p><span>Il millesimato 2002 \u00e8 invece pi\u00f9 elegante, pi\u00f9 cesellato, anche se l&#8217;impressione di potenza e la persistenza in bocca rimangono. \u00c8 una cuv\u00e9e che ha trovato un bel equilibrio tra vivacit\u00e0 e rotondit\u00e0. Un millesimato che chiaramente possiede un magnifico potenziale che non chiede altro che svilupparsi per qualche anno in cantina.<\/span><\/p>\n<h2><span>Sotto tappo di sughero, Come Autrefois<\/span><\/h2>\n<p><span>La cuv\u00e9e <strong>Comme Autrefois<\/strong> segue poi <strong>L\u2019\u00c2me de la Terre<\/strong>, una cuv\u00e9e elaborata a partire dal millesimo 1998, ma questo non \u00e8 stato rivendicato sull&#8217;etichetta. \u00c8 una cuv\u00e9e allevata al 100% in botte di rovere e invecchiata sotto tappo di sughero. \u00c8 un vino ricco, intenso, complesso. Si apre con un naso goloso e complesso<\/span>.<\/p>\n<p><span>Prima di degustarla, Vincent aveva decantato questa cuv\u00e9e. In bocca, l&#8217;effervescenza \u00e8 molto discreta e arriva solo a rinfrescare con molta eleganza il palato. Comme Autrefois si presenta come un vino, vinosa, potente, complesso. Con un finale che si allunga pigramente per lunghi e dolci secondi.<\/span><\/p>\n<p><span>Mi \u00e8 stata proposta una seconda degustazione di questa cuv\u00e9e, senza decantazione. La differenza \u00e8 sorprendente, quasi affascinante. \u00c8 uno champagne pi\u00f9 vivace, con una bollicina pi\u00f9 presente che si offre al palato. Una bocca dove la freschezza \u00e8 pi\u00f9 netta, pi\u00f9 incisiva.<\/span><\/p>\n<p><span>Una doppia degustazione ricca di insegnamenti e che conferma la molteplicit\u00e0 delle sfaccettature di uno champagne a seconda del momento e del modo di degustazione.<\/span><\/p>\n<h2><span>Una cuv\u00e9e omaggio<\/span><\/h2>\n<p><span>Infine, la cuv\u00e9e <strong>Robert Winer<\/strong> ha concluso questa scoperta della gamma di champagne <strong>Fran\u00e7oise Bedel<\/strong>.<\/span><\/p>\n<p><span>Questo champagne \u00e8 unico tra le cuv\u00e9e della casa. Si tratta di una cuv\u00e9e millesimata del 1996, che si \u00e8 rivelata essere totalmente eccezionale alla degustazione. <strong>Fran\u00e7oise Bedel<\/strong> ha quindi deciso di farne una cuv\u00e9e omaggio a un uomo che ha ispirato e dato una svolta alla sua vita, cambiamenti che si sono tradotti nel vino con il passaggio al biologico. \u00c8 una cuv\u00e9e che esiste in un unico millesimo. Nessun altro \u00e8 previsto, ma se una cuv\u00e9e si riveler\u00e0 di nuovo eccezionale, la casa non esclude di proporre nuovamente una cuv\u00e9e <strong>Robert Winer<\/strong> in un altro millesimo.<\/span><\/p>\n<p><span>La cuv\u00e9e <strong>Robert Winer<\/strong> \u00e8 uno champagne che si apre con un naso tipico del suo millesimo, un naso generoso, fresco e maturo, dove la freschezza \u00e8 sempre presente. La bocca \u00e8 in armonia, equilibrata tra potenza e freschezza. Vinificata in parte in botte e in parte in vasca, si ritrova questa dualit\u00e0 in bocca. Il finale \u00e8 magistrale, oscillante tra mineralit\u00e0 e vinosa.<\/span><\/p>\n<p><span>Vincent mi ha poi invitato a fare un giro nelle sue vigne. Un bel modo per concludere questa mattinata.<\/span><\/p>[\/et_pb_text][\/et_pb_column][\/et_pb_row][\/et_pb_section]\n","protected":false},"excerpt":{"rendered":"<p>Ho approfittato del bel sole che ha regnato lo scorso sabato sulla Champagne (e il resto della Francia) per fare visita a Vincent e Christelle al domaine Fran\u00e7oise Bedel. Una casa convertita alla biodinamica e che fu una delle prime a fare il passo nel 1998. Situato a Crouttes-sur-Marne, nell&#8217;Aisne, lo champagne Fran\u00e7oise Bedel possiede [&hellip;]<\/p>\n","protected":false},"author":2,"featured_media":0,"comment_status":"open","ping_status":"closed","sticky":false,"template":"","format":"standard","meta":{"_et_pb_use_builder":"on","_et_pb_old_content":"","_et_gb_content_width":"","footnotes":""},"categories":[27],"tags":[],"yoast_head":"<!-- This site is optimized with the Yoast SEO plugin v20.4 - https:\/\/yoast.com\/wordpress\/plugins\/seo\/ -->\n<title>Piccola visita a casa di Fran\u00e7oise Bedel<\/title>\n<meta name=\"description\" content=\"Viaggia attraverso una piccola visita da Fran\u00e7oise Bedel, nell&#039;Aisne. Filosofia, espressione del terroir e cuv\u00e9e emblematiche\" \/>\n<meta name=\"robots\" content=\"index, follow, max-snippet:-1, max-image-preview:large, max-video-preview:-1\" \/>\n<link rel=\"canonical\" href=\"https:\/\/www.plus-de-bulles.it\/blog\/piccola-visita-da-francoise-bedel\/\" \/>\n<meta property=\"og:locale\" content=\"it_IT\" \/>\n<meta property=\"og:type\" content=\"article\" \/>\n<meta property=\"og:title\" content=\"Piccola visita a casa di Fran\u00e7oise Bedel\" \/>\n<meta property=\"og:description\" content=\"Viaggia attraverso una piccola visita da Fran\u00e7oise Bedel, nell&#039;Aisne. Filosofia, espressione del terroir e cuv\u00e9e emblematiche\" \/>\n<meta property=\"og:url\" content=\"https:\/\/www.plus-de-bulles.it\/blog\/piccola-visita-da-francoise-bedel\/\" \/>\n<meta property=\"og:site_name\" content=\"Pi\u00f9 consigli su Bulles\" \/>\n<meta property=\"article:published_time\" content=\"2025-10-31T13:51:00+00:00\" \/>\n<meta property=\"article:modified_time\" content=\"2024-09-10T13:25:11+00:00\" \/>\n<meta name=\"author\" content=\"Benjamin Cherri\u00e8re\" \/>\n<meta name=\"twitter:card\" content=\"summary_large_image\" \/>\n<meta name=\"twitter:label1\" content=\"Written by\" \/>\n\t<meta name=\"twitter:data1\" content=\"Benjamin Cherri\u00e8re\" \/>\n\t<meta name=\"twitter:label2\" content=\"Est. reading time\" \/>\n\t<meta name=\"twitter:data2\" content=\"7 minuti\" \/>\n<script type=\"application\/ld+json\" class=\"yoast-schema-graph\">{\"@context\":\"https:\/\/schema.org\",\"@graph\":[{\"@type\":\"WebPage\",\"@id\":\"https:\/\/www.plus-de-bulles.it\/blog\/piccola-visita-da-francoise-bedel\/\",\"url\":\"https:\/\/www.plus-de-bulles.it\/blog\/piccola-visita-da-francoise-bedel\/\",\"name\":\"Piccola visita a casa di Fran\u00e7oise Bedel\",\"isPartOf\":{\"@id\":\"https:\/\/www.plus-de-bulles.it\/blog\/#website\"},\"datePublished\":\"2025-10-31T13:51:00+00:00\",\"dateModified\":\"2024-09-10T13:25:11+00:00\",\"author\":{\"@id\":\"https:\/\/www.plus-de-bulles.it\/blog\/#\/schema\/person\/a05d8d5ed5097dc6a6f9724a546bba23\"},\"description\":\"Viaggia attraverso una piccola visita da Fran\u00e7oise Bedel, nell'Aisne. Filosofia, espressione del terroir e cuv\u00e9e emblematiche\",\"breadcrumb\":{\"@id\":\"https:\/\/www.plus-de-bulles.it\/blog\/piccola-visita-da-francoise-bedel\/#breadcrumb\"},\"inLanguage\":\"it-IT\",\"potentialAction\":[{\"@type\":\"ReadAction\",\"target\":[\"https:\/\/www.plus-de-bulles.it\/blog\/piccola-visita-da-francoise-bedel\/\"]}]},{\"@type\":\"BreadcrumbList\",\"@id\":\"https:\/\/www.plus-de-bulles.it\/blog\/piccola-visita-da-francoise-bedel\/#breadcrumb\",\"itemListElement\":[{\"@type\":\"ListItem\",\"position\":1,\"name\":\"Home\",\"item\":\"https:\/\/www.plus-de-bulles.it\/blog\/\"},{\"@type\":\"ListItem\",\"position\":2,\"name\":\"Reportage\",\"item\":\"https:\/\/www.plus-de-bulles.it\/blog\/reportage-domaine-champagne\/\"},{\"@type\":\"ListItem\",\"position\":3,\"name\":\"Piccola visita a casa di Fran\u00e7oise Bedel\"}]},{\"@type\":\"WebSite\",\"@id\":\"https:\/\/www.plus-de-bulles.it\/blog\/#website\",\"url\":\"https:\/\/www.plus-de-bulles.it\/blog\/\",\"name\":\"Pi\u00f9 consigli su Bulles\",\"description\":\"\",\"potentialAction\":[{\"@type\":\"SearchAction\",\"target\":{\"@type\":\"EntryPoint\",\"urlTemplate\":\"https:\/\/www.plus-de-bulles.it\/blog\/?s={search_term_string}\"},\"query-input\":\"required name=search_term_string\"}],\"inLanguage\":\"it-IT\"},{\"@type\":\"Person\",\"@id\":\"https:\/\/www.plus-de-bulles.it\/blog\/#\/schema\/person\/a05d8d5ed5097dc6a6f9724a546bba23\",\"name\":\"Benjamin Cherri\u00e8re\",\"image\":{\"@type\":\"ImageObject\",\"inLanguage\":\"it-IT\",\"@id\":\"https:\/\/www.plus-de-bulles.it\/blog\/#\/schema\/person\/image\/\",\"url\":\"https:\/\/secure.gravatar.com\/avatar\/bee8a44009f0a5ab886e265abaf2f146?s=96&d=mm&r=g\",\"contentUrl\":\"https:\/\/secure.gravatar.com\/avatar\/bee8a44009f0a5ab886e265abaf2f146?s=96&d=mm&r=g\",\"caption\":\"Benjamin Cherri\u00e8re\"},\"description\":\"J'ai fond\u00e9 Plus de Bulles en 2007 avec l'id\u00e9e de montrer que derri\u00e8re le mot champagne se cachaient une infinit\u00e9 de nuances et de styles. Depuis lors, je parcours la Champagne \u00e0 la d\u00e9couverte de nouveaux talents et de pr\u00e9cieuses p\u00e9pites \u00e0 partager.\",\"sameAs\":[\"https:\/\/www.plus-de-bulles.com\/blog\/\",\"https:\/\/www.instagram.com\/bcherriere\",\"https:\/\/www.youtube.com\/channel\/UCADHb9100clcUVUm247xHzA\"],\"url\":\"https:\/\/www.plus-de-bulles.it\/blog\/author\/bcherriere\/\"}]}<\/script>\n<!-- \/ Yoast SEO plugin. -->","yoast_head_json":{"title":"Piccola visita a casa di Fran\u00e7oise Bedel","description":"Viaggia attraverso una piccola visita da Fran\u00e7oise Bedel, nell'Aisne. Filosofia, espressione del terroir e cuv\u00e9e emblematiche","robots":{"index":"index","follow":"follow","max-snippet":"max-snippet:-1","max-image-preview":"max-image-preview:large","max-video-preview":"max-video-preview:-1"},"canonical":"https:\/\/www.plus-de-bulles.it\/blog\/piccola-visita-da-francoise-bedel\/","og_locale":"it_IT","og_type":"article","og_title":"Piccola visita a casa di Fran\u00e7oise Bedel","og_description":"Viaggia attraverso una piccola visita da Fran\u00e7oise Bedel, nell'Aisne. Filosofia, espressione del terroir e cuv\u00e9e emblematiche","og_url":"https:\/\/www.plus-de-bulles.it\/blog\/piccola-visita-da-francoise-bedel\/","og_site_name":"Pi\u00f9 consigli su Bulles","article_published_time":"2025-10-31T13:51:00+00:00","article_modified_time":"2024-09-10T13:25:11+00:00","author":"Benjamin Cherri\u00e8re","twitter_card":"summary_large_image","twitter_misc":{"Written by":"Benjamin Cherri\u00e8re","Est. reading time":"7 minuti"},"schema":{"@context":"https:\/\/schema.org","@graph":[{"@type":"WebPage","@id":"https:\/\/www.plus-de-bulles.it\/blog\/piccola-visita-da-francoise-bedel\/","url":"https:\/\/www.plus-de-bulles.it\/blog\/piccola-visita-da-francoise-bedel\/","name":"Piccola visita a casa di Fran\u00e7oise Bedel","isPartOf":{"@id":"https:\/\/www.plus-de-bulles.it\/blog\/#website"},"datePublished":"2025-10-31T13:51:00+00:00","dateModified":"2024-09-10T13:25:11+00:00","author":{"@id":"https:\/\/www.plus-de-bulles.it\/blog\/#\/schema\/person\/a05d8d5ed5097dc6a6f9724a546bba23"},"description":"Viaggia attraverso una piccola visita da Fran\u00e7oise Bedel, nell'Aisne. Filosofia, espressione del terroir e cuv\u00e9e emblematiche","breadcrumb":{"@id":"https:\/\/www.plus-de-bulles.it\/blog\/piccola-visita-da-francoise-bedel\/#breadcrumb"},"inLanguage":"it-IT","potentialAction":[{"@type":"ReadAction","target":["https:\/\/www.plus-de-bulles.it\/blog\/piccola-visita-da-francoise-bedel\/"]}]},{"@type":"BreadcrumbList","@id":"https:\/\/www.plus-de-bulles.it\/blog\/piccola-visita-da-francoise-bedel\/#breadcrumb","itemListElement":[{"@type":"ListItem","position":1,"name":"Home","item":"https:\/\/www.plus-de-bulles.it\/blog\/"},{"@type":"ListItem","position":2,"name":"Reportage","item":"https:\/\/www.plus-de-bulles.it\/blog\/reportage-domaine-champagne\/"},{"@type":"ListItem","position":3,"name":"Piccola visita a casa di Fran\u00e7oise Bedel"}]},{"@type":"WebSite","@id":"https:\/\/www.plus-de-bulles.it\/blog\/#website","url":"https:\/\/www.plus-de-bulles.it\/blog\/","name":"Pi\u00f9 consigli su Bulles","description":"","potentialAction":[{"@type":"SearchAction","target":{"@type":"EntryPoint","urlTemplate":"https:\/\/www.plus-de-bulles.it\/blog\/?s={search_term_string}"},"query-input":"required name=search_term_string"}],"inLanguage":"it-IT"},{"@type":"Person","@id":"https:\/\/www.plus-de-bulles.it\/blog\/#\/schema\/person\/a05d8d5ed5097dc6a6f9724a546bba23","name":"Benjamin Cherri\u00e8re","image":{"@type":"ImageObject","inLanguage":"it-IT","@id":"https:\/\/www.plus-de-bulles.it\/blog\/#\/schema\/person\/image\/","url":"https:\/\/secure.gravatar.com\/avatar\/bee8a44009f0a5ab886e265abaf2f146?s=96&d=mm&r=g","contentUrl":"https:\/\/secure.gravatar.com\/avatar\/bee8a44009f0a5ab886e265abaf2f146?s=96&d=mm&r=g","caption":"Benjamin Cherri\u00e8re"},"description":"J'ai fond\u00e9 Plus de Bulles en 2007 avec l'id\u00e9e de montrer que derri\u00e8re le mot champagne se cachaient une infinit\u00e9 de nuances et de styles. Depuis lors, je parcours la Champagne \u00e0 la d\u00e9couverte de nouveaux talents et de pr\u00e9cieuses p\u00e9pites \u00e0 partager.","sameAs":["https:\/\/www.plus-de-bulles.com\/blog\/","https:\/\/www.instagram.com\/bcherriere","https:\/\/www.youtube.com\/channel\/UCADHb9100clcUVUm247xHzA"],"url":"https:\/\/www.plus-de-bulles.it\/blog\/author\/bcherriere\/"}]}},"_links":{"self":[{"href":"https:\/\/www.plus-de-bulles.it\/blog\/wp-json\/wp\/v2\/posts\/24217"}],"collection":[{"href":"https:\/\/www.plus-de-bulles.it\/blog\/wp-json\/wp\/v2\/posts"}],"about":[{"href":"https:\/\/www.plus-de-bulles.it\/blog\/wp-json\/wp\/v2\/types\/post"}],"author":[{"embeddable":true,"href":"https:\/\/www.plus-de-bulles.it\/blog\/wp-json\/wp\/v2\/users\/2"}],"replies":[{"embeddable":true,"href":"https:\/\/www.plus-de-bulles.it\/blog\/wp-json\/wp\/v2\/comments?post=24217"}],"version-history":[{"count":5,"href":"https:\/\/www.plus-de-bulles.it\/blog\/wp-json\/wp\/v2\/posts\/24217\/revisions"}],"predecessor-version":[{"id":27028,"href":"https:\/\/www.plus-de-bulles.it\/blog\/wp-json\/wp\/v2\/posts\/24217\/revisions\/27028"}],"wp:attachment":[{"href":"https:\/\/www.plus-de-bulles.it\/blog\/wp-json\/wp\/v2\/media?parent=24217"}],"wp:term":[{"taxonomy":"category","embeddable":true,"href":"https:\/\/www.plus-de-bulles.it\/blog\/wp-json\/wp\/v2\/categories?post=24217"},{"taxonomy":"post_tag","embeddable":true,"href":"https:\/\/www.plus-de-bulles.it\/blog\/wp-json\/wp\/v2\/tags?post=24217"}],"curies":[{"name":"wp","href":"https:\/\/api.w.org\/{rel}","templated":true}]}}