{"id":23661,"date":"2025-08-01T16:31:00","date_gmt":"2025-08-01T14:31:00","guid":{"rendered":"https:\/\/www.plus-de-bulles.com\/blog\/?p=23661"},"modified":"2024-09-02T17:37:45","modified_gmt":"2024-09-02T15:37:45","slug":"ritratto-olivier-bonville","status":"publish","type":"post","link":"https:\/\/www.plus-de-bulles.it\/blog\/ritratto-olivier-bonville\/","title":{"rendered":"Olivier Bonville, un vignaiolo 100% Chardonnay"},"content":{"rendered":"\n[et_pb_section fb_built=&#8221;1&#8243; custom_padding_last_edited=&#8221;on|phone&#8221; _builder_version=&#8221;4.23&#8243; background_enable_image=&#8221;off&#8221; custom_margin=&#8221;0px|0px|0px|0px&#8221; custom_margin_tablet=&#8221;&#8221; custom_margin_phone=&#8221;&#8221; custom_margin_last_edited=&#8221;on|phone&#8221; custom_padding=&#8221;0px|0px|0px|0px&#8221; custom_padding_tablet=&#8221;&#8221; custom_padding_phone=&#8221;&#8221; border_style_all=&#8221;none&#8221; global_colors_info=&#8221;{}&#8221;][et_pb_row _builder_version=&#8221;4.23&#8243; background_size=&#8221;initial&#8221; background_position=&#8221;top_left&#8221; background_repeat=&#8221;repeat&#8221; global_colors_info=&#8221;{}&#8221;][et_pb_column type=&#8221;4_4&#8243; _builder_version=&#8221;4.16&#8243; custom_padding=&#8221;|||&#8221; global_colors_info=&#8221;{}&#8221; custom_padding__hover=&#8221;|||&#8221;][et_pb_text _builder_version=&#8221;4.23&#8243; text_font=&#8221;Montserrat||||||||&#8221; text_text_color=&#8221;#000000&#8243; text_font_size=&#8221;16px&#8221; header_font=&#8221;||||||||&#8221; header_2_font=&#8221;Montserrat|900|on||||||&#8221; header_2_text_align=&#8221;left&#8221; header_2_text_color=&#8221;#cc9c00&#8243; header_2_font_size=&#8221;19px&#8221; header_2_letter_spacing=&#8221;1px&#8221; header_4_font=&#8221;Montserrat||||||||&#8221; header_4_text_align=&#8221;left&#8221; header_4_text_color=&#8221;#2b2b2b&#8221; header_4_font_size=&#8221;17px&#8221; text_orientation=&#8221;justified&#8221; text_font_size_tablet=&#8221;&#8221; text_font_size_phone=&#8221;&#8221; text_font_size_last_edited=&#8221;on|phone&#8221; header_2_font_size_tablet=&#8221;18px&#8221; header_2_font_size_phone=&#8221;16px&#8221; header_2_font_size_last_edited=&#8221;on|tablet&#8221; global_colors_info=&#8221;{}&#8221;]<p><em><span>Olivier Bonville, vignaiolo visionario e vero uomo di conversazione, ci parla della sua storia, dei suoi vini e delle sue ambizioni con molta sincerit\u00e0 e poesia.<\/span><\/em><\/p>\n<p>&nbsp;<\/p>\n<h2><span>Plus de Bulles: Quali sono per voi le 3 date chiave che hanno segnato la storia della vostra Maison?<\/span><\/h2>\n<p>&nbsp;<\/p>\n<p><strong>Olivier Bonville:<\/strong> <span>Il 1889 \u00e8 una data da segnare in bianco per la nostra famiglia, poich\u00e9 simboleggia l&#8217;inizio della nostra avventura familiare e del nostro radicamento nel vigneto. Questo amore per la terra lo devo al mio bisnonno Alfred Bonville, che, nonostante periodi di incertezza in cui molti si disinteressavano di una viticoltura poco redditizia, non ha mai smesso di credere nella vigna. Fin dalla pi\u00f9 giovane et\u00e0, incoraggi\u00f2 suo figlio Franck a perseverare in questa strada. Nel 1938, la storia ci dimostr\u00f2 che aveva ragione, poich\u00e9 Alfred e Franck superarono una tappa acquistando un&#8217;azienda e commercializzando le loro prime bottiglie. E poi, naturalmente, ci sono gli anni &#8217;80, un periodo di prosperit\u00e0 economica che ci ha permesso di effettuare gli investimenti necessari per radicare lo <a href=\"https:\/\/www.plus-de-bulles.it\/it\/135-champagne-franck-bonville\">Champagne Bonville<\/a> nel tempo.<\/span><\/p>\n<p>&nbsp;<\/p>\n<h2>PdB: <span>Qual \u00e8 il tuo primo ricordo legato allo champagne?<\/span><\/h2>\n<p>&nbsp;<\/p>\n<p><strong>Olivier Bonville:<\/strong> <span>Risale alla scuola elementare. A quel tempo, appena finita la lezione, mi affrettavo a correre al torchio per vedere i succhi scorrere. Il periodo della vendemmia \u00e8 sempre stato associato a un momento felice, pieno di ritrovi con tutta la famiglia. Ho sempre voluto lavorare il vino, adoro il suo odore dal momento della pressatura fino alla degustazione. Trovo che lo zucchero della vigna si trasformi in modo affascinante in diverse molecole odorose e inebrianti. \u00c8 un vero balletto olfattivo.<\/span><\/p>[\/et_pb_text][et_pb_image src=&#8221;https:\/\/www.plus-de-bulles.com\/blog\/wp-content\/uploads\/2024\/02\/PBL-Bonville.jpg&#8221; align_tablet=&#8221;center&#8221; align_phone=&#8221;&#8221; align_last_edited=&#8221;on|desktop&#8221; _builder_version=&#8221;4.16&#8243; global_colors_info=&#8221;{}&#8221;][\/et_pb_image][et_pb_text _builder_version=&#8221;4.23&#8243; text_font=&#8221;Montserrat||||||||&#8221; text_text_color=&#8221;#000000&#8243; text_font_size=&#8221;16px&#8221; header_font=&#8221;||||||||&#8221; header_2_font=&#8221;Montserrat|900|on||||||&#8221; header_2_text_align=&#8221;left&#8221; header_2_text_color=&#8221;#cc9c00&#8243; header_2_font_size=&#8221;19px&#8221; header_2_letter_spacing=&#8221;1px&#8221; header_4_font=&#8221;Montserrat||||||||&#8221; header_4_text_align=&#8221;left&#8221; header_4_text_color=&#8221;#2b2b2b&#8221; header_4_font_size=&#8221;17px&#8221; text_orientation=&#8221;justified&#8221; hover_enabled=&#8221;0&#8243; text_font_size_tablet=&#8221;&#8221; text_font_size_phone=&#8221;&#8221; text_font_size_last_edited=&#8221;on|phone&#8221; header_2_font_size_tablet=&#8221;18px&#8221; header_2_font_size_phone=&#8221;16px&#8221; header_2_font_size_last_edited=&#8221;on|tablet&#8221; global_colors_info=&#8221;{}&#8221; sticky_enabled=&#8221;0&#8243;]<h2>PdB: <span>Cosa rende unica la vostra tenuta e i vostri vini?<\/span><\/h2>\n<p>&nbsp;<\/p>\n<p><strong>Olivier Bonville:<\/strong> <span>\u00c8 avere l&#8217;intero nostro vigneto nella C\u00f4te des Blancs. Nessuna generazione ha mai desiderato espandersi al di fuori di essa. L&#8217;energia di questi bei Chardonnay ha bisogno di essere domata e guidata. \u00c8 proprio per questo motivo che desidero creare delle Cuv\u00e9e con molta freschezza, ma che siano anche molto ricche, complesse e vellutate. Pratichiamo la fermentazione malolattica su tutte le nostre Cuv\u00e9e, cos\u00ec come un invecchiamento prolungato in cantina, il che ci permette di ottenere vini freschi e cremosi.<\/span><\/p>\n<p>&nbsp;<\/p>\n<h2>PdB: <span>Quali sono i suoi diversi ruoli quotidiani?<\/span><\/h2>\n<p>&nbsp;<\/p>\n<p><strong>Olivier Bonville: <\/strong>Sono tornato al Domaine nel 1996 per aiutare i miei genitori fino agli anni 2000. Da allora, gestisco il Domaine da solo, in tutto ci\u00f2 che questo comporta, sotto il loro sguardo benevolo. Ho la fortuna di essere circondato da una squadra fantastica, responsabile e impegnata.<\/p>\n<p>Per gli assemblaggi, il parere di mio padre rimane fondamentale, non lo sa ma \u00e8 un eccellente degustatore! La mia squadra mi aiuta quotidianamente a far evolvere la viticoltura e le vinificazioni. Dal 2011, ad esempio, abbiamo scelto di eliminare gli insetticidi e i diserbanti. A scriverlo, ci vogliono solo 10 parole, ma a metterlo in pratica e a realizzarlo correttamente, credetemi, \u00e8 una piccola rivoluzione!<\/p>\n<p>&nbsp;<\/p>\n<h2>PdB: <span>Qual \u00e8 la sua filosofia?<\/span><\/h2>\n<p>&nbsp;<\/p>\n<p><strong>Olivier Bonville: <\/strong><span>Ho costantemente bisogno di evolvere. L&#8217;esperienza mi ha dimostrato che si progredisce molto nei periodi di crisi. L&#8217;inizio degli anni &#8217;90 \u00e8 stato complicato per la Champagne, l&#8217;economia del paese era stagnante e le vendite erano pi\u00f9 basse. Era meglio avere un occhio all&#8217;export per diversificare la clientela e imparare a diventare meno dipendenti dalle vicissitudini di un solo paese. \u00c8 stata una transizione delicata che \u00e8 stato necessario spiegare alle generazioni pi\u00f9 anziane, che si erano abituate ad avere una clientela di amici, esclusivamente francese, che si basava principalmente sul passaparola.<\/span><\/p>[\/et_pb_text][et_pb_image src=&#8221;https:\/\/www.plus-de-bulles.com\/blog\/wp-content\/uploads\/2024\/02\/PBL-Trio.jpg&#8221; align_tablet=&#8221;center&#8221; align_phone=&#8221;&#8221; align_last_edited=&#8221;on|desktop&#8221; _builder_version=&#8221;4.16&#8243; global_colors_info=&#8221;{}&#8221;][\/et_pb_image][et_pb_text _builder_version=&#8221;4.23&#8243; text_font=&#8221;Montserrat||||||||&#8221; text_text_color=&#8221;#000000&#8243; text_font_size=&#8221;16px&#8221; header_font=&#8221;||||||||&#8221; header_2_font=&#8221;Montserrat|900|on||||||&#8221; header_2_text_align=&#8221;left&#8221; header_2_text_color=&#8221;#cc9c00&#8243; header_2_font_size=&#8221;19px&#8221; header_2_letter_spacing=&#8221;1px&#8221; header_4_font=&#8221;Montserrat||||||||&#8221; header_4_text_align=&#8221;left&#8221; header_4_text_color=&#8221;#2b2b2b&#8221; header_4_font_size=&#8221;17px&#8221; text_orientation=&#8221;justified&#8221; hover_enabled=&#8221;0&#8243; text_font_size_tablet=&#8221;&#8221; text_font_size_phone=&#8221;&#8221; text_font_size_last_edited=&#8221;on|phone&#8221; header_2_font_size_tablet=&#8221;18px&#8221; header_2_font_size_phone=&#8221;16px&#8221; header_2_font_size_last_edited=&#8221;on|tablet&#8221; global_colors_info=&#8221;{}&#8221; sticky_enabled=&#8221;0&#8243;]<h2><span>PdB: Qual \u00e8 il tuo ricordo di un&#8217;annata memorabile?<\/span><\/h2>\n<p>&nbsp;<\/p>\n<p><strong>Olivier Bonville: <\/strong>Il 1976 e il 1979 per le pi\u00f9 antiche. Il 2002 e il 2012 per le pi\u00f9 recenti. Ho vissuto l&#8217;ultima vendemmia come un&#8217;annata straordinaria sia in termini di qualit\u00e0 che di quantit\u00e0. Questi due aggettivi sono spesso opposti, ma non per il 2018. \u00c8 stato un anno un po&#8217; magico. Non vedo l&#8217;ora di scoprire il seguito in bottiglia. <span>Per quanto riguarda la vendemmia del 2019, vi dir\u00f2 semplicemente che ci\u00f2 che ne rimane \u00e8 bello.<\/span><\/p>\n<p>&nbsp;<\/p>\n<h2>PdB: <span>Qual \u00e8 l&#8217;abbinamento cibo\/vino che ti fa vibrare?<\/span><\/h2>\n<p>&nbsp;<\/p>\n<p><strong>Olivier Bonville: <\/strong><span>Un po&#8217; di sciovinismo, l&#8217;aragosta cucinata da mia moglie con la nostra cuv\u00e9e Extra-Brut Mill\u00e9sim\u00e9e 2012&#8230; Mi direte le novit\u00e0!<\/span><\/p>\n<p>&nbsp;<\/p>\n<h2>PdB: <span>Perch\u00e9 hai scelto la certificazione HVE?<\/span><\/h2>\n<p>&nbsp;<\/p>\n<p><strong>Olivier Bonville: <\/strong><span>La mia principale preoccupazione \u00e8 vedere i suoli rivivere, che i microorganismi possano lavorare in gran numero affinch\u00e9 le nostre terre ritrovino un&#8217;autonomia di funzionamento. Sensibilizzo molto i nostri clienti a queste sfide, \u00e8 fondamentale.<\/span><\/p>[\/et_pb_text][et_pb_image src=&#8221;https:\/\/www.plus-de-bulles.com\/blog\/wp-content\/uploads\/2024\/02\/PBL-Mesnil-bonville.jpg&#8221; align_tablet=&#8221;center&#8221; align_phone=&#8221;&#8221; align_last_edited=&#8221;on|desktop&#8221; _builder_version=&#8221;4.16&#8243; global_colors_info=&#8221;{}&#8221;][\/et_pb_image][et_pb_text _builder_version=&#8221;4.16&#8243; text_font=&#8221;Montserrat||||||||&#8221; text_text_color=&#8221;#000000&#8243; text_font_size=&#8221;16px&#8221; header_font=&#8221;||||||||&#8221; header_2_font=&#8221;Montserrat|900|on||||||&#8221; header_2_text_align=&#8221;left&#8221; header_2_text_color=&#8221;#cc9c00&#8243; header_2_font_size=&#8221;19px&#8221; header_2_letter_spacing=&#8221;1px&#8221; header_4_font=&#8221;Montserrat||||||||&#8221; header_4_text_align=&#8221;left&#8221; header_4_text_color=&#8221;#2b2b2b&#8221; header_4_font_size=&#8221;17px&#8221; text_orientation=&#8221;justified&#8221; text_font_size_tablet=&#8221;&#8221; text_font_size_phone=&#8221;&#8221; text_font_size_last_edited=&#8221;on|phone&#8221; header_2_font_size_tablet=&#8221;18px&#8221; header_2_font_size_phone=&#8221;16px&#8221; header_2_font_size_last_edited=&#8221;on|tablet&#8221; global_colors_info=&#8221;{}&#8221;]<h2>PdB: <span>Nel 2010 i vostri vini sono stati scelti per la cena del Premio Nobel, cosa avete provato?<\/span><\/h2>\n<p>&nbsp;<\/p>\n<p><strong>Olivier Bonville:<\/strong> <span>\u00c8 stata una vera sorpresa e un vero onore, perch\u00e9 era anche la prima volta che uno Champagne di Vigneron si distingueva rispetto ai vini delle Grandi Case. Avrei voluto condividere questo momento con i miei nonni, perch\u00e9 \u00e8 il proseguimento del lavoro che hanno svolto.<\/span><\/p>\n<p>&nbsp;<\/p>\n<h2>PdB: <span>Quale sarebbe il momento migliore per degustare il vostro vino?<\/span><\/h2>\n<p>&nbsp;<\/p>\n<p><strong>Olivier Bonville:<\/strong> <span>Lo Champagne, pi\u00f9 \u00e8 spontaneo, meglio \u00e8! Per la bellezza della scena, vi direi di lasciarvi sedurre dalla Cuv\u00e9e Les Belles Voyes ai piedi delle vigne in un&#8217;ora avanzata d&#8217;estate, quando le galipes sono momentaneamente deserte&#8230; adoro&#8230; Al di l\u00e0 di questo, ci\u00f2 che conta \u00e8 l&#8217;impronta indelebile che un tale momento lascia in voi. Anselme Selosse e Dom P\u00e9rignon hanno saputo raggiungere questo obiettivo. Con la loro aura e la bellezza del loro discorso, ci hanno portato oltre la semplice degustazione.<\/span><\/p>\n<p>&nbsp;<\/p>\n<h2>PdB: <span>Pensate che esista una Champagne a due velocit\u00e0?<\/span><\/h2>\n<p>&nbsp;<\/p>\n<p><strong>Olivier Bonville: <\/strong><span>S\u00ec, lo penso e lo temo anche. Da una parte, sentiamo un discorso politico ufficiale che ci invita a lavorare tutti insieme per beneficiare di una denominazione forte, ma in pratica, non tutti riescono a valorizzare i loro margini, i loro prezzi o le loro reti di distribuzione. Lo facciamo a monte, valorizzando il prezzo delle nostre uve, ma non ancora abbastanza a valle sul prodotto finale. Dobbiamo vendere meglio.<\/span><\/p>\n<p>&nbsp;<\/p>\n<h2>PdB: <span>Come immaginate la Champagne tra 10 anni?<\/span><\/h2>\n<p>&nbsp;<\/p>\n<p><strong>Olivier Bonville: <\/strong><span>Spero che sar\u00e0 leader nel campo ambientale. Tutto \u00e8 messo in atto dall&#8217;interprofessione per cambiare le mentalit\u00e0 e dare l&#8217;esempio. Immagino una Champagne verde che continua a far sognare il mondo intero&#8230;<\/span><\/p>[\/et_pb_text][\/et_pb_column][\/et_pb_row][\/et_pb_section]\n","protected":false},"excerpt":{"rendered":"<p>Olivier Bonville, vignaiolo visionario e vero uomo di conversazione, ci parla della sua storia, dei suoi vini e delle sue ambizioni con molta sincerit\u00e0 e poesia. &nbsp; Plus de Bulles: Quali sono per voi le 3 date chiave che hanno segnato la storia della vostra Maison? &nbsp; Olivier Bonville: Il 1889 \u00e8 una data da [&hellip;]<\/p>\n","protected":false},"author":3,"featured_media":0,"comment_status":"open","ping_status":"closed","sticky":false,"template":"","format":"standard","meta":{"_et_pb_use_builder":"on","_et_pb_old_content":"","_et_gb_content_width":"","footnotes":""},"categories":[27],"tags":[],"yoast_head":"<!-- This site is optimized with the Yoast SEO plugin v20.4 - https:\/\/yoast.com\/wordpress\/plugins\/seo\/ -->\n<title>Olivier Bonville, un vignaiolo 100% Chardonnay<\/title>\n<meta name=\"description\" content=\"Esplorate il ritratto di Olivier Bonville. Immergetevi nell&#039;affascinante universo di questo vignaiolo e scoprite la storia delle sue cuv\u00e9e.\" \/>\n<meta name=\"robots\" content=\"index, follow, max-snippet:-1, max-image-preview:large, max-video-preview:-1\" \/>\n<link rel=\"canonical\" href=\"https:\/\/www.plus-de-bulles.it\/blog\/ritratto-olivier-bonville\/\" \/>\n<meta property=\"og:locale\" content=\"it_IT\" \/>\n<meta property=\"og:type\" content=\"article\" \/>\n<meta property=\"og:title\" content=\"Olivier Bonville, un vignaiolo 100% Chardonnay\" \/>\n<meta property=\"og:description\" content=\"Esplorate il ritratto di Olivier Bonville. Immergetevi nell&#039;affascinante universo di questo vignaiolo e scoprite la storia delle sue cuv\u00e9e.\" \/>\n<meta property=\"og:url\" content=\"https:\/\/www.plus-de-bulles.it\/blog\/ritratto-olivier-bonville\/\" \/>\n<meta property=\"og:site_name\" content=\"Pi\u00f9 consigli su Bulles\" \/>\n<meta property=\"article:published_time\" content=\"2025-08-01T14:31:00+00:00\" \/>\n<meta property=\"article:modified_time\" content=\"2024-09-02T15:37:45+00:00\" \/>\n<meta name=\"author\" content=\"Marie\" \/>\n<meta name=\"twitter:card\" content=\"summary_large_image\" \/>\n<meta name=\"twitter:label1\" content=\"Written by\" \/>\n\t<meta name=\"twitter:data1\" content=\"Marie\" \/>\n\t<meta name=\"twitter:label2\" content=\"Est. reading time\" \/>\n\t<meta name=\"twitter:data2\" content=\"7 minuti\" \/>\n<script type=\"application\/ld+json\" class=\"yoast-schema-graph\">{\"@context\":\"https:\/\/schema.org\",\"@graph\":[{\"@type\":\"WebPage\",\"@id\":\"https:\/\/www.plus-de-bulles.it\/blog\/ritratto-olivier-bonville\/\",\"url\":\"https:\/\/www.plus-de-bulles.it\/blog\/ritratto-olivier-bonville\/\",\"name\":\"Olivier Bonville, un vignaiolo 100% Chardonnay\",\"isPartOf\":{\"@id\":\"https:\/\/www.plus-de-bulles.it\/blog\/#website\"},\"datePublished\":\"2025-08-01T14:31:00+00:00\",\"dateModified\":\"2024-09-02T15:37:45+00:00\",\"author\":{\"@id\":\"https:\/\/www.plus-de-bulles.it\/blog\/#\/schema\/person\/949ffbb21aa566bf00e3aaf8e9965f59\"},\"description\":\"Esplorate il ritratto di Olivier Bonville. Immergetevi nell'affascinante universo di questo vignaiolo e scoprite la storia delle sue cuv\u00e9e.\",\"breadcrumb\":{\"@id\":\"https:\/\/www.plus-de-bulles.it\/blog\/ritratto-olivier-bonville\/#breadcrumb\"},\"inLanguage\":\"it-IT\",\"potentialAction\":[{\"@type\":\"ReadAction\",\"target\":[\"https:\/\/www.plus-de-bulles.it\/blog\/ritratto-olivier-bonville\/\"]}]},{\"@type\":\"BreadcrumbList\",\"@id\":\"https:\/\/www.plus-de-bulles.it\/blog\/ritratto-olivier-bonville\/#breadcrumb\",\"itemListElement\":[{\"@type\":\"ListItem\",\"position\":1,\"name\":\"Home\",\"item\":\"https:\/\/www.plus-de-bulles.it\/blog\/\"},{\"@type\":\"ListItem\",\"position\":2,\"name\":\"Reportage\",\"item\":\"https:\/\/www.plus-de-bulles.it\/blog\/reportage-domaine-champagne\/\"},{\"@type\":\"ListItem\",\"position\":3,\"name\":\"Olivier Bonville, un vignaiolo 100% Chardonnay\"}]},{\"@type\":\"WebSite\",\"@id\":\"https:\/\/www.plus-de-bulles.it\/blog\/#website\",\"url\":\"https:\/\/www.plus-de-bulles.it\/blog\/\",\"name\":\"Pi\u00f9 consigli su Bulles\",\"description\":\"\",\"potentialAction\":[{\"@type\":\"SearchAction\",\"target\":{\"@type\":\"EntryPoint\",\"urlTemplate\":\"https:\/\/www.plus-de-bulles.it\/blog\/?s={search_term_string}\"},\"query-input\":\"required name=search_term_string\"}],\"inLanguage\":\"it-IT\"},{\"@type\":\"Person\",\"@id\":\"https:\/\/www.plus-de-bulles.it\/blog\/#\/schema\/person\/949ffbb21aa566bf00e3aaf8e9965f59\",\"name\":\"Marie\",\"image\":{\"@type\":\"ImageObject\",\"inLanguage\":\"it-IT\",\"@id\":\"https:\/\/www.plus-de-bulles.it\/blog\/#\/schema\/person\/image\/\",\"url\":\"https:\/\/secure.gravatar.com\/avatar\/c072261e195cb1ba613cadb47783fbd4?s=96&d=mm&r=g\",\"contentUrl\":\"https:\/\/secure.gravatar.com\/avatar\/c072261e195cb1ba613cadb47783fbd4?s=96&d=mm&r=g\",\"caption\":\"Marie\"},\"description\":\"Marie Servagnat a particip\u00e9 \u00e0 la cr\u00e9ation de la soci\u00e9t\u00e9 en 2007. \\\"L'id\u00e9e de lancer un site de vente de champagne sur Internet m'est venue assez naturellement, car je trouvais d\u00e9j\u00e0 r\u00e9guli\u00e8rement des cuv\u00e9es avec un rapport qualit\u00e9\/prix imbattable pour des amis et des coll\u00e8gues. Gr\u00e2ce \u00e0 mon p\u00e8re et \u00e0 mon grand-p\u00e8re, deux courtiers en vin de champagne, je connais tr\u00e8s bien les viticulteurs et les Grandes Maisons de Champagne\\\". Aujourd'hui, elle est charg\u00e9e des relations avec le vignoble et dirige La Cave \u00e0 Reims.\",\"sameAs\":[\"http:\/\/www.plus-de-bulles.com\"],\"url\":\"https:\/\/www.plus-de-bulles.it\/blog\/author\/mservagnat\/\"}]}<\/script>\n<!-- \/ Yoast SEO plugin. -->","yoast_head_json":{"title":"Olivier Bonville, un vignaiolo 100% Chardonnay","description":"Esplorate il ritratto di Olivier Bonville. Immergetevi nell'affascinante universo di questo vignaiolo e scoprite la storia delle sue cuv\u00e9e.","robots":{"index":"index","follow":"follow","max-snippet":"max-snippet:-1","max-image-preview":"max-image-preview:large","max-video-preview":"max-video-preview:-1"},"canonical":"https:\/\/www.plus-de-bulles.it\/blog\/ritratto-olivier-bonville\/","og_locale":"it_IT","og_type":"article","og_title":"Olivier Bonville, un vignaiolo 100% Chardonnay","og_description":"Esplorate il ritratto di Olivier Bonville. Immergetevi nell'affascinante universo di questo vignaiolo e scoprite la storia delle sue cuv\u00e9e.","og_url":"https:\/\/www.plus-de-bulles.it\/blog\/ritratto-olivier-bonville\/","og_site_name":"Pi\u00f9 consigli su Bulles","article_published_time":"2025-08-01T14:31:00+00:00","article_modified_time":"2024-09-02T15:37:45+00:00","author":"Marie","twitter_card":"summary_large_image","twitter_misc":{"Written by":"Marie","Est. reading time":"7 minuti"},"schema":{"@context":"https:\/\/schema.org","@graph":[{"@type":"WebPage","@id":"https:\/\/www.plus-de-bulles.it\/blog\/ritratto-olivier-bonville\/","url":"https:\/\/www.plus-de-bulles.it\/blog\/ritratto-olivier-bonville\/","name":"Olivier Bonville, un vignaiolo 100% Chardonnay","isPartOf":{"@id":"https:\/\/www.plus-de-bulles.it\/blog\/#website"},"datePublished":"2025-08-01T14:31:00+00:00","dateModified":"2024-09-02T15:37:45+00:00","author":{"@id":"https:\/\/www.plus-de-bulles.it\/blog\/#\/schema\/person\/949ffbb21aa566bf00e3aaf8e9965f59"},"description":"Esplorate il ritratto di Olivier Bonville. Immergetevi nell'affascinante universo di questo vignaiolo e scoprite la storia delle sue cuv\u00e9e.","breadcrumb":{"@id":"https:\/\/www.plus-de-bulles.it\/blog\/ritratto-olivier-bonville\/#breadcrumb"},"inLanguage":"it-IT","potentialAction":[{"@type":"ReadAction","target":["https:\/\/www.plus-de-bulles.it\/blog\/ritratto-olivier-bonville\/"]}]},{"@type":"BreadcrumbList","@id":"https:\/\/www.plus-de-bulles.it\/blog\/ritratto-olivier-bonville\/#breadcrumb","itemListElement":[{"@type":"ListItem","position":1,"name":"Home","item":"https:\/\/www.plus-de-bulles.it\/blog\/"},{"@type":"ListItem","position":2,"name":"Reportage","item":"https:\/\/www.plus-de-bulles.it\/blog\/reportage-domaine-champagne\/"},{"@type":"ListItem","position":3,"name":"Olivier Bonville, un vignaiolo 100% Chardonnay"}]},{"@type":"WebSite","@id":"https:\/\/www.plus-de-bulles.it\/blog\/#website","url":"https:\/\/www.plus-de-bulles.it\/blog\/","name":"Pi\u00f9 consigli su Bulles","description":"","potentialAction":[{"@type":"SearchAction","target":{"@type":"EntryPoint","urlTemplate":"https:\/\/www.plus-de-bulles.it\/blog\/?s={search_term_string}"},"query-input":"required name=search_term_string"}],"inLanguage":"it-IT"},{"@type":"Person","@id":"https:\/\/www.plus-de-bulles.it\/blog\/#\/schema\/person\/949ffbb21aa566bf00e3aaf8e9965f59","name":"Marie","image":{"@type":"ImageObject","inLanguage":"it-IT","@id":"https:\/\/www.plus-de-bulles.it\/blog\/#\/schema\/person\/image\/","url":"https:\/\/secure.gravatar.com\/avatar\/c072261e195cb1ba613cadb47783fbd4?s=96&d=mm&r=g","contentUrl":"https:\/\/secure.gravatar.com\/avatar\/c072261e195cb1ba613cadb47783fbd4?s=96&d=mm&r=g","caption":"Marie"},"description":"Marie Servagnat a particip\u00e9 \u00e0 la cr\u00e9ation de la soci\u00e9t\u00e9 en 2007. \"L'id\u00e9e de lancer un site de vente de champagne sur Internet m'est venue assez naturellement, car je trouvais d\u00e9j\u00e0 r\u00e9guli\u00e8rement des cuv\u00e9es avec un rapport qualit\u00e9\/prix imbattable pour des amis et des coll\u00e8gues. Gr\u00e2ce \u00e0 mon p\u00e8re et \u00e0 mon grand-p\u00e8re, deux courtiers en vin de champagne, je connais tr\u00e8s bien les viticulteurs et les Grandes Maisons de Champagne\". Aujourd'hui, elle est charg\u00e9e des relations avec le vignoble et dirige La Cave \u00e0 Reims.","sameAs":["http:\/\/www.plus-de-bulles.com"],"url":"https:\/\/www.plus-de-bulles.it\/blog\/author\/mservagnat\/"}]}},"_links":{"self":[{"href":"https:\/\/www.plus-de-bulles.it\/blog\/wp-json\/wp\/v2\/posts\/23661"}],"collection":[{"href":"https:\/\/www.plus-de-bulles.it\/blog\/wp-json\/wp\/v2\/posts"}],"about":[{"href":"https:\/\/www.plus-de-bulles.it\/blog\/wp-json\/wp\/v2\/types\/post"}],"author":[{"embeddable":true,"href":"https:\/\/www.plus-de-bulles.it\/blog\/wp-json\/wp\/v2\/users\/3"}],"replies":[{"embeddable":true,"href":"https:\/\/www.plus-de-bulles.it\/blog\/wp-json\/wp\/v2\/comments?post=23661"}],"version-history":[{"count":5,"href":"https:\/\/www.plus-de-bulles.it\/blog\/wp-json\/wp\/v2\/posts\/23661\/revisions"}],"predecessor-version":[{"id":26956,"href":"https:\/\/www.plus-de-bulles.it\/blog\/wp-json\/wp\/v2\/posts\/23661\/revisions\/26956"}],"wp:attachment":[{"href":"https:\/\/www.plus-de-bulles.it\/blog\/wp-json\/wp\/v2\/media?parent=23661"}],"wp:term":[{"taxonomy":"category","embeddable":true,"href":"https:\/\/www.plus-de-bulles.it\/blog\/wp-json\/wp\/v2\/categories?post=23661"},{"taxonomy":"post_tag","embeddable":true,"href":"https:\/\/www.plus-de-bulles.it\/blog\/wp-json\/wp\/v2\/tags?post=23661"}],"curies":[{"name":"wp","href":"https:\/\/api.w.org\/{rel}","templated":true}]}}