{"id":23618,"date":"2025-07-25T15:56:00","date_gmt":"2025-07-25T13:56:00","guid":{"rendered":"https:\/\/www.plus-de-bulles.com\/blog\/?p=23618"},"modified":"2024-09-02T14:47:11","modified_gmt":"2024-09-02T12:47:11","slug":"lagroforestazione-in-champagne-moda-o-tendenza-di-fondo","status":"publish","type":"post","link":"https:\/\/www.plus-de-bulles.it\/blog\/lagroforestazione-in-champagne-moda-o-tendenza-di-fondo\/","title":{"rendered":"L&#8217;agroforestazione in Champagne: moda o tendenza di fondo?"},"content":{"rendered":"\n[et_pb_section fb_built=&#8221;1&#8243; admin_label=&#8221;Article&#8221; _builder_version=&#8221;4.23&#8243; _module_preset=&#8221;default&#8221; width=&#8221;100%&#8221; custom_margin=&#8221;|-200px|||false|false&#8221; custom_margin_tablet=&#8221;&#8221; custom_margin_phone=&#8221;|0px|||false|false&#8221; custom_margin_last_edited=&#8221;on|desktop&#8221; custom_padding=&#8221;13px||9px|||&#8221; global_colors_info=&#8221;{}&#8221;][et_pb_row admin_label=&#8221;Intro&#8221; _builder_version=&#8221;4.16&#8243; _module_preset=&#8221;default&#8221; global_colors_info=&#8221;{}&#8221;][et_pb_column type=&#8221;4_4&#8243; _builder_version=&#8221;4.16&#8243; _module_preset=&#8221;default&#8221; global_colors_info=&#8221;{}&#8221;][et_pb_text _builder_version=&#8221;4.16&#8243; _module_preset=&#8221;default&#8221; text_font_size=&#8221;16px&#8221; text_line_height=&#8221;1.8em&#8221; custom_padding=&#8221;||7px||false|false&#8221; global_colors_info=&#8221;{}&#8221;]<p><span>Inevitabilmente, il riscaldamento climatico dovuto alle attivit\u00e0 antropiche aumenta di 0,2 \u00b0C per decennio e potrebbe raggiungere +7\u00b0C entro il 2100. Il primo a essere colpito \u00e8 il patrimonio vitivinicolo. Di fronte a questa emergenza climatica, la Champagne deve accelerare la sua transizione agro-ecologica e considerare un nuovo modello di viticoltura, preservando al massimo il suo DNA. Per rispondere a questa sfida, l&#8217;AOC sta attualmente sperimentando due nuovi strumenti: le vigne semi-larghe e l&#8217;agroforestazione, una pratica che mira a reinserire la vigna al centro di un ecosistema. Di cosa si tratta? L&#8217;agroforestazione pu\u00f2 imporsi in modo duraturo nella Repubblica delle Bollicine? Inchiesta.<\/span><\/p>[\/et_pb_text][\/et_pb_column][\/et_pb_row][et_pb_row admin_label=&#8221;Part 1&#8243; _builder_version=&#8221;4.16&#8243; _module_preset=&#8221;default&#8221; custom_padding=&#8221;||1px|||&#8221; global_colors_info=&#8221;{}&#8221;][et_pb_column type=&#8221;4_4&#8243; _builder_version=&#8221;4.16&#8243; _module_preset=&#8221;default&#8221; global_colors_info=&#8221;{}&#8221;][et_pb_text _builder_version=&#8221;4.23&#8243; _module_preset=&#8221;default&#8221; header_2_font=&#8221;Playfair Display|800|||||||&#8221; header_2_text_color=&#8221;#c1a961&#8243; min_height=&#8221;32px&#8221; animation_style=&#8221;fade&#8221; animation_duration=&#8221;1500ms&#8221; global_colors_info=&#8221;{}&#8221;]<h2>#1 &#8211; <span>Cos&#8217;\u00e8 l&#8217;agroforestazione?<\/span><\/h2>[\/et_pb_text][et_pb_divider _builder_version=&#8221;4.16&#8243; _module_preset=&#8221;default&#8221; custom_margin=&#8221;-20px||||false|false&#8221; custom_padding=&#8221;0px||||false|false&#8221; global_colors_info=&#8221;{}&#8221;][\/et_pb_divider][\/et_pb_column][\/et_pb_row][et_pb_row column_structure=&#8221;2_5,3_5&#8243; admin_label=&#8221;Texte part 1 avec image&#8221; _builder_version=&#8221;4.16&#8243; _module_preset=&#8221;default&#8221; global_colors_info=&#8221;{}&#8221;][et_pb_column type=&#8221;2_5&#8243; _builder_version=&#8221;4.16&#8243; _module_preset=&#8221;default&#8221; global_colors_info=&#8221;{}&#8221;][et_pb_image src=&#8221;https:\/\/www.plus-de-bulles.com\/blog\/wp-content\/uploads\/2024\/02\/domaine.emile_.grelier.agro_.jpg&#8221; title_text=&#8221;domaine.emile.grelier.agro&#8221; _builder_version=&#8221;4.16&#8243; _module_preset=&#8221;default&#8221; custom_margin=&#8221;30px||||false|false&#8221; custom_margin_tablet=&#8221;&#8221; custom_margin_phone=&#8221;0px||||false|false&#8221; custom_margin_last_edited=&#8221;on|phone&#8221; global_colors_info=&#8221;{}&#8221;][\/et_pb_image][et_pb_text admin_label=&#8221;Texte&#8221; _builder_version=&#8221;4.23&#8243; _module_preset=&#8221;default&#8221; custom_margin=&#8221;-14px||||false|false&#8221; global_colors_info=&#8221;{}&#8221;]<p><span>Credito foto:<\/span> <span>Domaine Emile Grelier<\/span><\/p>[\/et_pb_text][\/et_pb_column][et_pb_column type=&#8221;3_5&#8243; _builder_version=&#8221;4.16&#8243; _module_preset=&#8221;default&#8221; global_colors_info=&#8221;{}&#8221;][et_pb_text _builder_version=&#8221;4.23&#8243; _module_preset=&#8221;default&#8221; text_font_size=&#8221;16px&#8221; text_line_height=&#8221;1.8em&#8221; custom_padding=&#8221;|||0px|false|false&#8221; global_colors_info=&#8221;{}&#8221;]<p><strong><span>L&#8217;agroforestazione, da quando esiste?<\/span><\/strong><\/p>\n<p><span>Questo modo di sfruttare le terre ha le sue origini nell&#8217;antichit\u00e0 e finisce per cadere in disuso a partire dagli anni &#8217;50. Un tempo, come sottolinea Delphine<\/span>\u00a0Vinet<a href=\"\/\/BBC49FB2-D930-452F-9D34-6CDD463621E5#_ftn1\" name=\"_ftnref1\"><span>[1]<\/span><\/a> <span>consulente in agroforestazione, il vignaiolo, come l&#8217;agricoltore, componeva con il vivente. Ma con l&#8217;avvento della petrolchimica, che avrebbe dovuto facilitare il lavoro e garantire i raccolti, i fondamenti agronomici, come il buon senso contadino e la biodiversit\u00e0, hanno finito per scomparire.<\/span><\/p>[\/et_pb_text][et_pb_text _builder_version=&#8221;4.23&#8243; _module_preset=&#8221;default&#8221; text_font_size=&#8221;16px&#8221; text_line_height=&#8221;1.8em&#8221; custom_padding=&#8221;|||0px|false|false&#8221; global_colors_info=&#8221;{}&#8221;]<p><strong><span>Cos&#8217;\u00e8 l&#8217;agroforestazione?<\/span><\/strong><\/p>\n<p><span>L&#8217;agroforestazione \u00e8 l&#8217;arte di seminare coperture vegetali e piantare alberi nelle vigne e intorno alle parcelle per permettere alla biodiversit\u00e0 di fare il suo grande ritorno.<\/span><\/p>\n<p><span>L&#8217;agroforestazione \u00e8 quindi la viticoltura del vivente. Una pratica che invita a cambiare percezione: funzionare con la Natura e non contro di essa, non vedere pi\u00f9 i vegetali come concorrenti ma come compagni di squadra.<\/span><\/p>\n<p><span>Un terreno con una forte attivit\u00e0 biologica dar\u00e0 sempre uva di qualit\u00e0 superiore rispetto a un terreno sotto perfusione chimica, piuttosto logico, no?<\/span><\/p>[\/et_pb_text][\/et_pb_column][\/et_pb_row][et_pb_row admin_label=&#8221;Part 1 sans image&#8221; _builder_version=&#8221;4.16&#8243; _module_preset=&#8221;default&#8221; custom_padding=&#8221;3px|||||&#8221; global_colors_info=&#8221;{}&#8221;][et_pb_column type=&#8221;4_4&#8243; _builder_version=&#8221;4.16&#8243; _module_preset=&#8221;default&#8221; global_colors_info=&#8221;{}&#8221;][et_pb_text _builder_version=&#8221;4.23&#8243; _module_preset=&#8221;default&#8221; text_font_size=&#8221;16px&#8221; text_line_height=&#8221;1.8em&#8221; custom_padding=&#8221;||7px||false|false&#8221; global_colors_info=&#8221;{}&#8221;]<p><strong><span>A cosa serve l&#8217;agroforestazione?<\/span><\/strong><\/p>\n<p><span>L&#8217;agroforestazione in viticoltura risponde a molteplici esigenze. A livello paesaggistico, permette di stabilizzare i pendii, proteggere i suoli dall&#8217;erosione, rallentare i movimenti dell&#8217;acqua, ridurre gli effetti delle inondazioni, diminuire la velocit\u00e0 del vento, proteggere le abitazioni, fornire ombra agli animali da allevamento, migliorare il suolo e le sue funzionalit\u00e0.<\/span><\/p>[\/et_pb_text][et_pb_text _builder_version=&#8221;4.23&#8243; _module_preset=&#8221;default&#8221; text_font_size=&#8221;16px&#8221; text_line_height=&#8221;1.8em&#8221; global_colors_info=&#8221;{}&#8221;]<p><strong><span>&#8216;L&#8217;agroforestazione \u00e8 una pratica pi\u00f9 potente di internet in termini di connessione&#8217;, ama ricordare Alain Canet, agronomo e agroforestiero di fama.<\/span><\/strong><\/p>\n<p><span>A livello di parcella, gli alberi regolano, proteggono, offrono riparo, producono e creano veri e propri microclimi. Quando sono gestiti come trogne, questi alberi sono veri e propri serbatoi di biodiversit\u00e0 che fungono da hotel per insetti, nidi per uccelli, capanne per ricci o ancora rifugi per pipistrelli. Questi mammiferi, capaci di ingurgitare 3.000 insetti a notte per individuo, naturalmente vengono a competere con alcuni parassiti notturni che depongono le uova sulle bacche di uva. Le dinamiche naturali si ricreano.<\/span><\/p>\n<div><span>Dal canto suo, l&#8217;erbaggio limita l&#8217;erosione dei suoli ma anche i trasferimenti di elementi traccia metallici causati dalle piogge.<\/span><\/div>\n<div><span>In sintesi, l&#8217;albero e la copertura vegetale sono quindi strumenti di produzione, di sequestro del carbonio e anelli essenziali della durabilit\u00e0 e della performance degli ecosistemi agricoli.<\/span><\/div>[\/et_pb_text][\/et_pb_column][\/et_pb_row][et_pb_row admin_label=&#8221;Part 2 titre&#8221; _builder_version=&#8221;4.16&#8243; _module_preset=&#8221;default&#8221; custom_padding=&#8221;||0px|||&#8221; global_colors_info=&#8221;{}&#8221;][et_pb_column type=&#8221;4_4&#8243; _builder_version=&#8221;4.16&#8243; _module_preset=&#8221;default&#8221; global_colors_info=&#8221;{}&#8221;][et_pb_text admin_label=&#8221;Titre&#8221; _builder_version=&#8221;4.23&#8243; _module_preset=&#8221;default&#8221; header_2_font=&#8221;Playfair Display|800|||||||&#8221; header_2_text_color=&#8221;#c1a961&#8243; animation_style=&#8221;fade&#8221; animation_duration=&#8221;1500ms&#8221; global_colors_info=&#8221;{}&#8221;]<h2>#2 &#8211; <span>L&#8217;agroforestazione, quale accoglienza in Champagne?<\/span><\/h2>[\/et_pb_text][et_pb_divider _builder_version=&#8221;4.16&#8243; _module_preset=&#8221;default&#8221; custom_margin=&#8221;-20px||||false|false&#8221; global_colors_info=&#8221;{}&#8221;][\/et_pb_divider][\/et_pb_column][\/et_pb_row][et_pb_row column_structure=&#8221;1_2,1_2&#8243; admin_label=&#8221;Texte part 2 avec image&#8221; _builder_version=&#8221;4.16&#8243; _module_preset=&#8221;default&#8221; custom_margin=&#8221;|auto|-19px|auto||&#8221; custom_padding=&#8221;||16px|||&#8221; global_colors_info=&#8221;{}&#8221;][et_pb_column type=&#8221;1_2&#8243; _builder_version=&#8221;4.16&#8243; _module_preset=&#8221;default&#8221; global_colors_info=&#8221;{}&#8221;][et_pb_text admin_label=&#8221;Texte col 1&#8243; _builder_version=&#8221;4.23&#8243; _module_preset=&#8221;default&#8221; text_font_size=&#8221;16px&#8221; text_line_height=&#8221;1.8em&#8221; custom_margin=&#8221;20px||||false|false&#8221; custom_margin_tablet=&#8221;&#8221; custom_margin_phone=&#8221;&#8221; custom_margin_last_edited=&#8221;on|desktop&#8221; custom_padding=&#8221;|||0px|false|false&#8221; global_colors_info=&#8221;{}&#8221;]<p><span>Se piantare alberi e siepi in un dominio vitivinicolo non \u00e8 una novit\u00e0, piantare alberi al centro delle parcelle \u00e8 piuttosto recente in Champagne. L&#8217;agroforestazione in viticoltura rimane ancora una pratica piuttosto marginale, ma sembra che l&#8217;idea stia iniziando a farsi strada nella mente dei Champenois.<\/span><\/p>\n<p><span>A testimonianza di ci\u00f2, l&#8217;associazione <strong>Arbres et Paysages en Champagne<\/strong>, che riunisce una cinquantina di uomini e donne. Tutti sono appassionati di agroforestazione e sempre disposti a condividere i frutti della loro esperienza attraverso workshop, incontri e formazioni.<\/span><\/p>[\/et_pb_text][\/et_pb_column][et_pb_column type=&#8221;1_2&#8243; _builder_version=&#8221;4.16&#8243; _module_preset=&#8221;default&#8221; global_colors_info=&#8221;{}&#8221;][et_pb_image src=&#8221;https:\/\/www.plus-de-bulles.com\/blog\/wp-content\/uploads\/2024\/02\/BT2A0873.jpg&#8221; title_text=&#8221;BT2A0873&#8243; admin_label=&#8221;Image col 2&#8243; _builder_version=&#8221;4.16&#8243; _module_preset=&#8221;default&#8221; custom_margin=&#8221;0px|||0px|false|false&#8221; custom_margin_tablet=&#8221;&#8221; custom_margin_phone=&#8221;0px|||0px|false|false&#8221; custom_margin_last_edited=&#8221;on|desktop&#8221; global_colors_info=&#8221;{}&#8221;][\/et_pb_image][et_pb_text admin_label=&#8221;legende&#8221; _builder_version=&#8221;4.16&#8243; _module_preset=&#8221;default&#8221; custom_margin=&#8221;-14px|||0px|false|false&#8221; custom_margin_tablet=&#8221;&#8221; custom_margin_phone=&#8221;|||0px|false|false&#8221; custom_margin_last_edited=&#8221;on|desktop&#8221; global_colors_info=&#8221;{}&#8221;]<p><span><a href=\"https:\/\/www.plus-de-bulles.it\/it\/bonnet-ponson\">Cyril Bonnet<\/a> in una delle sue parcelle a Chamery, dove pratica l&#8217;agroforestazione.<\/span><\/p>[\/et_pb_text][\/et_pb_column][\/et_pb_row][et_pb_row admin_label=&#8221;Part 2 sans image&#8221; _builder_version=&#8221;4.16&#8243; _module_preset=&#8221;default&#8221; global_colors_info=&#8221;{}&#8221;][et_pb_column type=&#8221;4_4&#8243; _builder_version=&#8221;4.16&#8243; _module_preset=&#8221;default&#8221; global_colors_info=&#8221;{}&#8221;][et_pb_text admin_label=&#8221;texte part 3&#8243; _builder_version=&#8221;4.23&#8243; _module_preset=&#8221;default&#8221; text_font_size=&#8221;16px&#8221; text_line_height=&#8221;1.8em&#8221; global_colors_info=&#8221;{}&#8221;]<p><span>Un po&#8217; ovunque, nei quattro angoli del vigneto, iniziano a emergere iniziative. A Pouillon, Vincent Cuillier coltiva tigli nelle sue vigne. A Reuves, la Maison de Champagne Val\u00e9rie &amp; Ga\u00ebl Dupont \u00e8 rappresentata da una coppia di vignaioli impegnati che organizzano giornate aperte sui benefici della viticoltura agroecologica. A Fossoy, Beno\u00eet D\u00e9hu, vignaiolo in biodinamica, ha piantato pi\u00f9 di 350 alberi nel suo dominio, sia da frutto che da foglia. Nell&#8217;Aube, a Les Riceys, Florent Grados ha seminato fave, segale, trifogli rossi e trifogli bianchi nani nel suo vigneto per ricreare una copertura isotermica all&#8217;interno delle sue parcelle.<\/span><\/p>\n<p><span>Dal lato delle Maison, Ruinart, il cui vigneto \u00e8 certificato HVE dal 2014, ha recentemente annunciato di condurre un progetto pilota di vitiforestazione. Prevede, tra l&#8217;altro, la piantumazione di 14.000 alberi e arbusti nel suo dominio di Taissy. Secondo Fr\u00e9d\u00e9ric Dufour, Presidente della Maison, \u00e8 urgente moltiplicare le azioni per promuovere la biodiversit\u00e0 e combattere il cambiamento climatico in Champagne. Questo progetto \u00e8 una delle soluzioni pi\u00f9 accessibili ed efficaci.<\/span><\/p>\n<p><strong><span>L&#8217;agroforestazione, quali svantaggi?<\/span><\/strong><\/p>\n<p><span>La mancanza di esperienza. Gli studi comparativi sono ancora in corso. Gli indicatori aiuteranno a misurare l&#8217;efficacia e la performance di questa pratica nel tempo.<\/span><\/p>\n<p><span>In termini di costi, questa coltura intercalare richieder\u00e0 pi\u00f9 manodopera e investimenti, soprattutto in attrezzature adeguate. Alcuni macchinari dovranno essere sostituiti con strumenti elettrici portatili per lavorare e mantenere le parcelle. Ma per i sostenitori dell&#8217;agroforestazione, gli alberi ben piantati, in buone condizioni, alla giusta densit\u00e0 e ben gestiti durante tutto l&#8217;anno compensano gli svantaggi come l&#8217;ombra dannosa per lo sviluppo delle colture o la competizione per le risorse idriche&#8230;<\/span><\/p>\n<p><span>Con il ritorno della biodiversit\u00e0, dei colori, degli odori e dei suoni, non \u00e8 escluso che i lavoratori stagionali ritrovino un certo piacere nel lavorare il vigneto. Forse questo aiuter\u00e0 a colmare la carenza di manodopera?<\/span><\/p>[\/et_pb_text][et_pb_text admin_label=&#8221;texte part 3&#8243; _builder_version=&#8221;4.23&#8243; _module_preset=&#8221;default&#8221; text_font_size=&#8221;16px&#8221; text_line_height=&#8221;1.8em&#8221; global_colors_info=&#8221;{}&#8221;]<p><strong><span>Oltre l&#8217;agroforestazione<\/span><\/strong><\/p>\n<p><span>Ad oggi, nessuna controindicazione alla pratica dell&#8217;agroforestazione nel vigneto \u00e8 stata rilevata dalle istituzioni champenoises. Cosa potrebbe quindi impedire al movimento di espandersi? Forse la paura del cambiamento e dell&#8217;ignoto? Paura di dover abbandonare il comfort di una monocoltura intensiva dove la natura \u00e8 sfruttata? Paura di fidarsi del genio della Natura?<\/span><\/p>\n<p><span>In ogni caso, a Plus de bulles, siamo convinti di una cosa: ognuno pu\u00f2 agire secondo le proprie possibilit\u00e0. Quindi facciamo del &#8220;produrre meglio&#8221; il futuro. <\/span> Cheers !<\/p>[\/et_pb_text][\/et_pb_column][\/et_pb_row][et_pb_row admin_label=&#8221;Sources&#8221; _builder_version=&#8221;4.16&#8243; _module_preset=&#8221;default&#8221; custom_padding=&#8221;0px|||||&#8221; global_colors_info=&#8221;{}&#8221;][et_pb_column type=&#8221;4_4&#8243; _builder_version=&#8221;4.16&#8243; _module_preset=&#8221;default&#8221; global_colors_info=&#8221;{}&#8221;][et_pb_text admin_label=&#8221;sources&#8221; _builder_version=&#8221;4.23&#8243; _module_preset=&#8221;default&#8221; custom_margin=&#8221;0px||||false|false&#8221; custom_padding=&#8221;41px|||||&#8221; global_colors_info=&#8221;{}&#8221;]<p><span style=\"text-decoration: underline\"><strong><em><span>Fonti:<\/span><\/em><\/strong><\/span><\/p>\n<p><a href=\"\/\/BBC49FB2-D930-452F-9D34-6CDD463621E5#_ftnref1\" name=\"_ftn1\"><span>[1]<\/span><\/a> A Lapouyade (Gironda), Delphine e Benoit Vinet (Domaine Emile Grelier) <span>hanno convertito i loro 8 ettari di vigneti all&#8217;agroforestazione.<\/span><\/p>[\/et_pb_text][\/et_pb_column][\/et_pb_row][\/et_pb_section]\n","protected":false},"excerpt":{"rendered":"<p>Inevitabilmente, il riscaldamento climatico dovuto alle attivit\u00e0 antropiche aumenta di 0,2 \u00b0C per decennio e potrebbe raggiungere +7\u00b0C entro il 2100. Il primo a essere colpito \u00e8 il patrimonio vitivinicolo. Di fronte a questa emergenza climatica, la Champagne deve accelerare la sua transizione agro-ecologica e considerare un nuovo modello di viticoltura, preservando al massimo il [&hellip;]<\/p>\n","protected":false},"author":3,"featured_media":0,"comment_status":"open","ping_status":"closed","sticky":false,"template":"","format":"standard","meta":{"_et_pb_use_builder":"on","_et_pb_old_content":"","_et_gb_content_width":"","footnotes":""},"categories":[31],"tags":[],"yoast_head":"<!-- This site is optimized with the Yoast SEO plugin v20.4 - https:\/\/yoast.com\/wordpress\/plugins\/seo\/ -->\n<title>L&#039;agroforestazione in Champagne: moda o tendenza di fondo?<\/title>\n<meta name=\"description\" content=\"Scopri se l&#039;agroforestazione in Champagne \u00e8 una moda passeggera o una tendenza di fondo. Immergiti nel futuro sostenibile di questo vigneto.\" \/>\n<meta name=\"robots\" content=\"index, follow, max-snippet:-1, max-image-preview:large, max-video-preview:-1\" \/>\n<link rel=\"canonical\" href=\"https:\/\/www.plus-de-bulles.it\/blog\/lagroforestazione-in-champagne-moda-o-tendenza-di-fondo\/\" \/>\n<meta property=\"og:locale\" content=\"it_IT\" \/>\n<meta property=\"og:type\" content=\"article\" \/>\n<meta property=\"og:title\" content=\"L&#039;agroforestazione in Champagne: moda o tendenza di fondo?\" \/>\n<meta property=\"og:description\" content=\"Scopri se l&#039;agroforestazione in Champagne \u00e8 una moda passeggera o una tendenza di fondo. Immergiti nel futuro sostenibile di questo vigneto.\" \/>\n<meta property=\"og:url\" content=\"https:\/\/www.plus-de-bulles.it\/blog\/lagroforestazione-in-champagne-moda-o-tendenza-di-fondo\/\" \/>\n<meta property=\"og:site_name\" content=\"Pi\u00f9 consigli su Bulles\" \/>\n<meta property=\"article:published_time\" content=\"2025-07-25T13:56:00+00:00\" \/>\n<meta property=\"article:modified_time\" content=\"2024-09-02T12:47:11+00:00\" \/>\n<meta name=\"author\" content=\"Marie\" \/>\n<meta name=\"twitter:card\" content=\"summary_large_image\" \/>\n<meta name=\"twitter:label1\" content=\"Written by\" \/>\n\t<meta name=\"twitter:data1\" content=\"Marie\" \/>\n\t<meta name=\"twitter:label2\" content=\"Est. reading time\" \/>\n\t<meta name=\"twitter:data2\" content=\"7 minuti\" \/>\n<script type=\"application\/ld+json\" class=\"yoast-schema-graph\">{\"@context\":\"https:\/\/schema.org\",\"@graph\":[{\"@type\":\"WebPage\",\"@id\":\"https:\/\/www.plus-de-bulles.it\/blog\/lagroforestazione-in-champagne-moda-o-tendenza-di-fondo\/\",\"url\":\"https:\/\/www.plus-de-bulles.it\/blog\/lagroforestazione-in-champagne-moda-o-tendenza-di-fondo\/\",\"name\":\"L'agroforestazione in Champagne: moda o tendenza di fondo?\",\"isPartOf\":{\"@id\":\"https:\/\/www.plus-de-bulles.it\/blog\/#website\"},\"datePublished\":\"2025-07-25T13:56:00+00:00\",\"dateModified\":\"2024-09-02T12:47:11+00:00\",\"author\":{\"@id\":\"https:\/\/www.plus-de-bulles.it\/blog\/#\/schema\/person\/949ffbb21aa566bf00e3aaf8e9965f59\"},\"description\":\"Scopri se l'agroforestazione in Champagne \u00e8 una moda passeggera o una tendenza di fondo. Immergiti nel futuro sostenibile di questo vigneto.\",\"breadcrumb\":{\"@id\":\"https:\/\/www.plus-de-bulles.it\/blog\/lagroforestazione-in-champagne-moda-o-tendenza-di-fondo\/#breadcrumb\"},\"inLanguage\":\"it-IT\",\"potentialAction\":[{\"@type\":\"ReadAction\",\"target\":[\"https:\/\/www.plus-de-bulles.it\/blog\/lagroforestazione-in-champagne-moda-o-tendenza-di-fondo\/\"]}]},{\"@type\":\"BreadcrumbList\",\"@id\":\"https:\/\/www.plus-de-bulles.it\/blog\/lagroforestazione-in-champagne-moda-o-tendenza-di-fondo\/#breadcrumb\",\"itemListElement\":[{\"@type\":\"ListItem\",\"position\":1,\"name\":\"Home\",\"item\":\"https:\/\/www.plus-de-bulles.it\/blog\/\"},{\"@type\":\"ListItem\",\"position\":2,\"name\":\"Champagne Academy\",\"item\":\"https:\/\/www.plus-de-bulles.it\/blog\/champagne-academy\/\"},{\"@type\":\"ListItem\",\"position\":3,\"name\":\"Storia e produzione dello Champagne\",\"item\":\"https:\/\/www.plus-de-bulles.it\/blog\/champagne-academy\/storia-champagne-produzione\/\"},{\"@type\":\"ListItem\",\"position\":4,\"name\":\"L&#8217;agroforestazione in Champagne: moda o tendenza di fondo?\"}]},{\"@type\":\"WebSite\",\"@id\":\"https:\/\/www.plus-de-bulles.it\/blog\/#website\",\"url\":\"https:\/\/www.plus-de-bulles.it\/blog\/\",\"name\":\"Pi\u00f9 consigli su Bulles\",\"description\":\"\",\"potentialAction\":[{\"@type\":\"SearchAction\",\"target\":{\"@type\":\"EntryPoint\",\"urlTemplate\":\"https:\/\/www.plus-de-bulles.it\/blog\/?s={search_term_string}\"},\"query-input\":\"required name=search_term_string\"}],\"inLanguage\":\"it-IT\"},{\"@type\":\"Person\",\"@id\":\"https:\/\/www.plus-de-bulles.it\/blog\/#\/schema\/person\/949ffbb21aa566bf00e3aaf8e9965f59\",\"name\":\"Marie\",\"image\":{\"@type\":\"ImageObject\",\"inLanguage\":\"it-IT\",\"@id\":\"https:\/\/www.plus-de-bulles.it\/blog\/#\/schema\/person\/image\/\",\"url\":\"https:\/\/secure.gravatar.com\/avatar\/c072261e195cb1ba613cadb47783fbd4?s=96&d=mm&r=g\",\"contentUrl\":\"https:\/\/secure.gravatar.com\/avatar\/c072261e195cb1ba613cadb47783fbd4?s=96&d=mm&r=g\",\"caption\":\"Marie\"},\"description\":\"Marie Servagnat a particip\u00e9 \u00e0 la cr\u00e9ation de la soci\u00e9t\u00e9 en 2007. \\\"L'id\u00e9e de lancer un site de vente de champagne sur Internet m'est venue assez naturellement, car je trouvais d\u00e9j\u00e0 r\u00e9guli\u00e8rement des cuv\u00e9es avec un rapport qualit\u00e9\/prix imbattable pour des amis et des coll\u00e8gues. Gr\u00e2ce \u00e0 mon p\u00e8re et \u00e0 mon grand-p\u00e8re, deux courtiers en vin de champagne, je connais tr\u00e8s bien les viticulteurs et les Grandes Maisons de Champagne\\\". Aujourd'hui, elle est charg\u00e9e des relations avec le vignoble et dirige La Cave \u00e0 Reims.\",\"sameAs\":[\"http:\/\/www.plus-de-bulles.com\"],\"url\":\"https:\/\/www.plus-de-bulles.it\/blog\/author\/mservagnat\/\"}]}<\/script>\n<!-- \/ Yoast SEO plugin. -->","yoast_head_json":{"title":"L'agroforestazione in Champagne: moda o tendenza di fondo?","description":"Scopri se l'agroforestazione in Champagne \u00e8 una moda passeggera o una tendenza di fondo. Immergiti nel futuro sostenibile di questo vigneto.","robots":{"index":"index","follow":"follow","max-snippet":"max-snippet:-1","max-image-preview":"max-image-preview:large","max-video-preview":"max-video-preview:-1"},"canonical":"https:\/\/www.plus-de-bulles.it\/blog\/lagroforestazione-in-champagne-moda-o-tendenza-di-fondo\/","og_locale":"it_IT","og_type":"article","og_title":"L'agroforestazione in Champagne: moda o tendenza di fondo?","og_description":"Scopri se l'agroforestazione in Champagne \u00e8 una moda passeggera o una tendenza di fondo. Immergiti nel futuro sostenibile di questo vigneto.","og_url":"https:\/\/www.plus-de-bulles.it\/blog\/lagroforestazione-in-champagne-moda-o-tendenza-di-fondo\/","og_site_name":"Pi\u00f9 consigli su Bulles","article_published_time":"2025-07-25T13:56:00+00:00","article_modified_time":"2024-09-02T12:47:11+00:00","author":"Marie","twitter_card":"summary_large_image","twitter_misc":{"Written by":"Marie","Est. reading time":"7 minuti"},"schema":{"@context":"https:\/\/schema.org","@graph":[{"@type":"WebPage","@id":"https:\/\/www.plus-de-bulles.it\/blog\/lagroforestazione-in-champagne-moda-o-tendenza-di-fondo\/","url":"https:\/\/www.plus-de-bulles.it\/blog\/lagroforestazione-in-champagne-moda-o-tendenza-di-fondo\/","name":"L'agroforestazione in Champagne: moda o tendenza di fondo?","isPartOf":{"@id":"https:\/\/www.plus-de-bulles.it\/blog\/#website"},"datePublished":"2025-07-25T13:56:00+00:00","dateModified":"2024-09-02T12:47:11+00:00","author":{"@id":"https:\/\/www.plus-de-bulles.it\/blog\/#\/schema\/person\/949ffbb21aa566bf00e3aaf8e9965f59"},"description":"Scopri se l'agroforestazione in Champagne \u00e8 una moda passeggera o una tendenza di fondo. Immergiti nel futuro sostenibile di questo vigneto.","breadcrumb":{"@id":"https:\/\/www.plus-de-bulles.it\/blog\/lagroforestazione-in-champagne-moda-o-tendenza-di-fondo\/#breadcrumb"},"inLanguage":"it-IT","potentialAction":[{"@type":"ReadAction","target":["https:\/\/www.plus-de-bulles.it\/blog\/lagroforestazione-in-champagne-moda-o-tendenza-di-fondo\/"]}]},{"@type":"BreadcrumbList","@id":"https:\/\/www.plus-de-bulles.it\/blog\/lagroforestazione-in-champagne-moda-o-tendenza-di-fondo\/#breadcrumb","itemListElement":[{"@type":"ListItem","position":1,"name":"Home","item":"https:\/\/www.plus-de-bulles.it\/blog\/"},{"@type":"ListItem","position":2,"name":"Champagne Academy","item":"https:\/\/www.plus-de-bulles.it\/blog\/champagne-academy\/"},{"@type":"ListItem","position":3,"name":"Storia e produzione dello Champagne","item":"https:\/\/www.plus-de-bulles.it\/blog\/champagne-academy\/storia-champagne-produzione\/"},{"@type":"ListItem","position":4,"name":"L&#8217;agroforestazione in Champagne: moda o tendenza di fondo?"}]},{"@type":"WebSite","@id":"https:\/\/www.plus-de-bulles.it\/blog\/#website","url":"https:\/\/www.plus-de-bulles.it\/blog\/","name":"Pi\u00f9 consigli su Bulles","description":"","potentialAction":[{"@type":"SearchAction","target":{"@type":"EntryPoint","urlTemplate":"https:\/\/www.plus-de-bulles.it\/blog\/?s={search_term_string}"},"query-input":"required name=search_term_string"}],"inLanguage":"it-IT"},{"@type":"Person","@id":"https:\/\/www.plus-de-bulles.it\/blog\/#\/schema\/person\/949ffbb21aa566bf00e3aaf8e9965f59","name":"Marie","image":{"@type":"ImageObject","inLanguage":"it-IT","@id":"https:\/\/www.plus-de-bulles.it\/blog\/#\/schema\/person\/image\/","url":"https:\/\/secure.gravatar.com\/avatar\/c072261e195cb1ba613cadb47783fbd4?s=96&d=mm&r=g","contentUrl":"https:\/\/secure.gravatar.com\/avatar\/c072261e195cb1ba613cadb47783fbd4?s=96&d=mm&r=g","caption":"Marie"},"description":"Marie Servagnat a particip\u00e9 \u00e0 la cr\u00e9ation de la soci\u00e9t\u00e9 en 2007. \"L'id\u00e9e de lancer un site de vente de champagne sur Internet m'est venue assez naturellement, car je trouvais d\u00e9j\u00e0 r\u00e9guli\u00e8rement des cuv\u00e9es avec un rapport qualit\u00e9\/prix imbattable pour des amis et des coll\u00e8gues. Gr\u00e2ce \u00e0 mon p\u00e8re et \u00e0 mon grand-p\u00e8re, deux courtiers en vin de champagne, je connais tr\u00e8s bien les viticulteurs et les Grandes Maisons de Champagne\". Aujourd'hui, elle est charg\u00e9e des relations avec le vignoble et dirige La Cave \u00e0 Reims.","sameAs":["http:\/\/www.plus-de-bulles.com"],"url":"https:\/\/www.plus-de-bulles.it\/blog\/author\/mservagnat\/"}]}},"_links":{"self":[{"href":"https:\/\/www.plus-de-bulles.it\/blog\/wp-json\/wp\/v2\/posts\/23618"}],"collection":[{"href":"https:\/\/www.plus-de-bulles.it\/blog\/wp-json\/wp\/v2\/posts"}],"about":[{"href":"https:\/\/www.plus-de-bulles.it\/blog\/wp-json\/wp\/v2\/types\/post"}],"author":[{"embeddable":true,"href":"https:\/\/www.plus-de-bulles.it\/blog\/wp-json\/wp\/v2\/users\/3"}],"replies":[{"embeddable":true,"href":"https:\/\/www.plus-de-bulles.it\/blog\/wp-json\/wp\/v2\/comments?post=23618"}],"version-history":[{"count":8,"href":"https:\/\/www.plus-de-bulles.it\/blog\/wp-json\/wp\/v2\/posts\/23618\/revisions"}],"predecessor-version":[{"id":26949,"href":"https:\/\/www.plus-de-bulles.it\/blog\/wp-json\/wp\/v2\/posts\/23618\/revisions\/26949"}],"wp:attachment":[{"href":"https:\/\/www.plus-de-bulles.it\/blog\/wp-json\/wp\/v2\/media?parent=23618"}],"wp:term":[{"taxonomy":"category","embeddable":true,"href":"https:\/\/www.plus-de-bulles.it\/blog\/wp-json\/wp\/v2\/categories?post=23618"},{"taxonomy":"post_tag","embeddable":true,"href":"https:\/\/www.plus-de-bulles.it\/blog\/wp-json\/wp\/v2\/tags?post=23618"}],"curies":[{"name":"wp","href":"https:\/\/api.w.org\/{rel}","templated":true}]}}