{"id":23598,"date":"2025-06-06T15:43:00","date_gmt":"2025-06-06T13:43:00","guid":{"rendered":"https:\/\/www.plus-de-bulles.com\/blog\/?p=23598"},"modified":"2024-08-29T16:51:11","modified_gmt":"2024-08-29T14:51:11","slug":"delphine-boulard-incontro-vibrante-con-una-straordinaria-donna-dello-champagne","status":"publish","type":"post","link":"https:\/\/www.plus-de-bulles.it\/blog\/delphine-boulard-incontro-vibrante-con-una-straordinaria-donna-dello-champagne\/","title":{"rendered":"Delphine Boulard, incontro vibrante con una straordinaria donna di Champagne"},"content":{"rendered":"\n[et_pb_section fb_built=&#8221;1&#8243; _builder_version=&#8221;4.23&#8243; _module_preset=&#8221;default&#8221; width=&#8221;100%&#8221; custom_margin=&#8221;|-300px|||false|false&#8221; custom_margin_tablet=&#8221;&#8221; custom_margin_phone=&#8221;&#8221; custom_margin_last_edited=&#8221;on|desktop&#8221; custom_padding=&#8221;0px|||||&#8221; global_colors_info=&#8221;{}&#8221;][et_pb_row _builder_version=&#8221;4.23&#8243; _module_preset=&#8221;default&#8221; global_colors_info=&#8221;{}&#8221;][et_pb_column type=&#8221;4_4&#8243; _builder_version=&#8221;4.16&#8243; _module_preset=&#8221;default&#8221; global_colors_info=&#8221;{}&#8221;][et_pb_text _builder_version=&#8221;4.23&#8243; _module_preset=&#8221;default&#8221; text_font=&#8221;||||||||&#8221; text_font_size=&#8221;18px&#8221; text_line_height=&#8221;1.4em&#8221; custom_padding=&#8221;0px||24px|||&#8221; global_colors_info=&#8221;{}&#8221;]<p><span>Ci\u00f2 che amiamo su Plus de Bulles sono i percorsi atipici e i destini che non sono gi\u00e0 tutti tracciati. Delphine Boulard ne \u00e8 un esempio perfetto. Ex arredatrice d&#8217;interni, un giorno decide di tornare nel Domaine dove \u00e8 cresciuta. Incontro con questa &#8216;tuttofare&#8217; dalla sensibilit\u00e0 esacerbata.<\/span><\/p>[\/et_pb_text][et_pb_text _builder_version=&#8221;4.23&#8243; _module_preset=&#8221;default&#8221; header_2_font=&#8221;|600||on|||||&#8221; header_2_font_size=&#8221;24px&#8221; global_colors_info=&#8221;{}&#8221;]<h2><span>La donna<\/span><\/h2>[\/et_pb_text][et_pb_divider _builder_version=&#8221;4.16&#8243; _module_preset=&#8221;default&#8221; global_colors_info=&#8221;{}&#8221;][\/et_pb_divider][et_pb_image src=&#8221;https:\/\/www.plus-de-bulles.com\/blog\/wp-content\/uploads\/2024\/02\/BT2A1911.jpg&#8221; alt=&#8221;Delphine Boulard&#8221; title_text=&#8221;Delphine Boulard&#8221; url=&#8221;https:\/\/francis-boulard.com&#8221; force_fullwidth=&#8221;on&#8221; _builder_version=&#8221;4.23&#8243; _module_preset=&#8221;default&#8221; global_colors_info=&#8221;{}&#8221;][\/et_pb_image][et_pb_text _builder_version=&#8221;4.23&#8243; _module_preset=&#8221;default&#8221; global_colors_info=&#8221;{}&#8221;]<h3><span style=\"color: #003366\"><strong><span>Qual \u00e8 il tuo primo ricordo legato alla vigna?<\/span><\/strong><\/span><\/h3>[\/et_pb_text][et_pb_text _builder_version=&#8221;4.23&#8243; _module_preset=&#8221;default&#8221; text_font_size=&#8221;18px&#8221; text_line_height=&#8221;1.8em&#8221; hover_enabled=&#8221;0&#8243; global_colors_info=&#8221;{}&#8221; sticky_enabled=&#8221;0&#8243;]<p><span>&#8220;Custodisco con affetto il ricordo delle mie passeggiate nel vigneto con mio nonno Raymond. A quell&#8217;epoca, dovevo avere appena 12 anni. \u00c8 stato lui a farmi scoprire alcuni lavori come la legatura.&#8221;<\/span><\/p>\n<div><\/div>[\/et_pb_text][et_pb_text _builder_version=&#8221;4.23&#8243; _module_preset=&#8221;default&#8221; global_colors_info=&#8221;{}&#8221;]<h3><span style=\"color: #003366\"><strong>E<span>ppure, il mestiere di viticoltrice non si \u00e8 subito imposto a te?<\/span><\/strong><\/span><\/h3>[\/et_pb_text][et_pb_text _builder_version=&#8221;4.23&#8243; _module_preset=&#8221;default&#8221; global_colors_info=&#8221;{}&#8221;]<div><span>&#8220;In effetti! Prima di tornare al Domaine nel 2003, ho avuto un&#8217;altra vita agli antipodi del mestiere di viticoltore. Ero arredatrice d&#8217;interni e non avevo alcuna ambizione di tornare al Domaine per lavorare al fianco di mio padre Francis.&#8221;<\/span><\/div>\n<div><\/div>[\/et_pb_text][et_pb_text _builder_version=&#8221;4.23&#8243; _module_preset=&#8221;default&#8221; global_colors_info=&#8221;{}&#8221;]<h3><span style=\"color: #003366\"><strong>Q<span>ual \u00e8 stato l&#8217;elemento scatenante?<\/span><\/strong><\/span><\/h3>[\/et_pb_text][et_pb_text _builder_version=&#8221;4.23&#8243; _module_preset=&#8221;default&#8221; hover_enabled=&#8221;0&#8243; global_colors_info=&#8221;{}&#8221; sticky_enabled=&#8221;0&#8243;]<p><span>&#8220;Dopo aver lavorato per pi\u00f9 di 10 anni nello stesso settore, una certa stanchezza aveva cominciato a insinuarsi. Con l&#8217;arrivo del mio primo figlio, ho sentito il desiderio di cambiare ritmo e di affrontare nuove sfide. Ecco come ho iniziato a fare le mie armi in Champagne! Oggi, \u00e8 un orgoglio per me vedere che le nostre rispettive sensibilit\u00e0 hanno permesso di creare un universo cos\u00ec bello dove ogni cosa si trova al suo giusto posto.&#8221;<\/span><\/p>[\/et_pb_text][et_pb_testimonial portrait_url=&#8221;https:\/\/www.plus-de-bulles.com\/blog\/wp-content\/uploads\/2024\/02\/BT2A1912.jpg&#8221; _builder_version=&#8221;4.23&#8243; _module_preset=&#8221;default&#8221; global_colors_info=&#8221;{}&#8221;]<div>\n<h3><span style=\"color: #003366\"><strong><span>Il tuo mestiere in una parola, \u00e8 \u2026. ?<\/span><\/strong><\/span><\/h3>\n<\/div>\n<div><\/div>\n<div style=\"text-align: left\"><span>&#8220;Euforizzante! Essere viticoltore \u00e8 quotidiano, di giorno come di notte. <strong>Per questo, so che non potr\u00f2 mai pi\u00f9 cambiare mestiere<\/strong>. Nessuna delle mie giornate \u00e8 uguale all&#8217;altra, \u00e8 un&#8217;avventura di cui non ci si stanca mai, credo. I viticoltori hanno la magia nelle dita. E che meraviglioso regalo poter vedere il risultato del proprio lavoro.&#8221;<\/span><\/div>[\/et_pb_testimonial][et_pb_text _builder_version=&#8221;4.23&#8243; _module_preset=&#8221;default&#8221; global_colors_info=&#8221;{}&#8221;]<h3><span style=\"color: #003366\"><strong><span>Il tuo aspetto preferito del mestiere di artigiano-viticoltore?<\/span><\/strong><\/span><\/h3>[\/et_pb_text][et_pb_text _builder_version=&#8221;4.23&#8243; _module_preset=&#8221;default&#8221; global_colors_info=&#8221;{}&#8221;]<div><span style=\"color: #333333\"><span>&#8220;Non ho davvero una posizione preferita, ma il piacere della vigna \u00e8 sicuramente l\u00ec! <strong>Adoro vederle crescere e assorbire la loro energia, specialmente nei giorni grigi, \u00e8 rigenerante. Ho una relazione fusionale con loro. Sono capaci di restituirvi cento volte tanto ci\u00f2 che date loro.&#8221;<\/strong><\/span><\/span><\/div>\n<div><\/div>[\/et_pb_text][et_pb_divider show_divider=&#8221;off&#8221; _builder_version=&#8221;4.16&#8243; _module_preset=&#8221;default&#8221; global_colors_info=&#8221;{}&#8221;][\/et_pb_divider][et_pb_text _builder_version=&#8221;4.16&#8243; _module_preset=&#8221;default&#8221; global_colors_info=&#8221;{}&#8221;][\/et_pb_text][et_pb_text _builder_version=&#8221;4.23&#8243; _module_preset=&#8221;default&#8221; text_font=&#8221;||||||||&#8221; text_font_size=&#8221;51px&#8221; text_letter_spacing=&#8221;2px&#8221; header_2_font=&#8221;|600||on|||||&#8221; header_2_text_color=&#8221;#121722&#8243; width=&#8221;100%&#8221; global_colors_info=&#8221;{}&#8221;]<h2><span>La filosofia<\/span><\/h2>[\/et_pb_text][et_pb_divider _builder_version=&#8221;4.16&#8243; _module_preset=&#8221;default&#8221; global_colors_info=&#8221;{}&#8221;][\/et_pb_divider][et_pb_image src=&#8221;https:\/\/www.plus-de-bulles.com\/blog\/wp-content\/uploads\/2024\/02\/diapodomaine02.jpg&#8221; title_text=&#8221;diapodomaine02&#8243; force_fullwidth=&#8221;on&#8221; _builder_version=&#8221;4.16&#8243; _module_preset=&#8221;default&#8221; module_alignment=&#8221;center&#8221; custom_margin=&#8221;||||false|false&#8221; module_alignment_last_edited=&#8221;off|desktop&#8221; global_colors_info=&#8221;{}&#8221;][\/et_pb_image][et_pb_text _builder_version=&#8221;4.23&#8243; _module_preset=&#8221;default&#8221; global_colors_info=&#8221;{}&#8221;]<h3><strong><span style=\"color: #003366\"><span>Come si suddividono i ruoli quotidianamente?<\/span><\/span><\/strong><\/h3>[\/et_pb_text][et_pb_text _builder_version=&#8221;4.23&#8243; _module_preset=&#8221;default&#8221; text_font_size=&#8221;18px&#8221; text_line_height=&#8221;1.8em&#8221; global_colors_info=&#8221;{}&#8221;]<p>&#8220;Mio padre oggi \u00e8 un felice pensionato che vive sulla costa in Normandia. Ogni anno, trova il tempo di tornare a trovarci durante la vendemmia, ma come &#8216;passeggiatore&#8217;, per usare le sue parole (ride). Mi ha lasciato carta bianca. Cerco di continuare il suo lavoro con giustezza e sensibilit\u00e0.<\/p>\n<p>Da 3 anni, sono affiancata da Yohann nella vigna. Nel 2020, mio marito, che lavorava in un&#8217;azienda familiare di falegnameria, mi ha raggiunto nel Domaine. Pi\u00f9 recentemente, l&#8217;amore per il mestiere ha finito per conquistare mio figlio Quentin, che ha appena iniziato una formazione in viticoltura ad Avize. Ma questo non mi sorprende del tutto, perch\u00e9 mio padre e mio figlio hanno sempre avuto un legame molto speciale.&#8221;<\/p>[\/et_pb_text][et_pb_text _builder_version=&#8221;4.23&#8243; _module_preset=&#8221;default&#8221; global_colors_info=&#8221;{}&#8221;]<h3><span style=\"color: #003366\"><strong><span>Siete in biodinamica dal 2015, in cosa consiste?<\/span><\/strong><\/span><\/h3>[\/et_pb_text][et_pb_text _builder_version=&#8221;4.23&#8243; _module_preset=&#8221;default&#8221; global_colors_info=&#8221;{}&#8221;]<p>&#8220;Mio padre ha compreso molto presto i benefici di una viticoltura sana sia per la salute che per l&#8217;ambiente. Negli anni 2000, ha iniziato a convertire una parte delle sue vigne in agricoltura biologica. Naturalmente, ho voluto continuare il suo impegno. Infatti, da 6 anni l&#8217;intero dominio (3,50 ettari) \u00e8 certificato in biodinamica.<\/p>\n<p>Per me, la biodinamica \u00e8 un approccio olistico alla viticoltura in cui ogni elemento \u00e8 essenziale e fa parte di un Tutto. Ad esempio, i nostri terreni non sono semplici supporti per la vigna, ma una fonte di energia che interagisce con tutto ci\u00f2 che la circonda.&#8221;<\/p>[\/et_pb_text][et_pb_text _builder_version=&#8221;4.23&#8243; _module_preset=&#8221;default&#8221; global_colors_info=&#8221;{}&#8221;]<h3><span style=\"color: #003366\"><strong><span>Quali rimedi naturali utilizzate?<\/span><\/strong><\/span><\/h3>[\/et_pb_text][et_pb_text _builder_version=&#8221;4.23&#8243; _module_preset=&#8221;default&#8221; global_colors_info=&#8221;{}&#8221;]<div><span>&#8220;Siamo attenti a ci\u00f2 che la vigna richiede giorno per giorno. Ci adattiamo in base ai suoi bisogni quotidiani. Nel Domaine, ad esempio, utilizziamo preparazioni naturali derivate da materie vegetali e minerali trasformate, chiamate &#8216;preparati&#8217;. Questo pu\u00f2 includere compost di letame MT, preparazioni 500 e 501, oli essenziali o ancora tisane che spruzziamo in piccole dosi per rivitalizzare i suoli e fornire alla vigna elementi naturali che le permettano di combattere le malattie.&#8221;<\/span><\/div>\n<div><\/div>[\/et_pb_text][et_pb_image src=&#8221;https:\/\/www.plus-de-bulles.com\/blog\/wp-content\/uploads\/2024\/02\/Capture-decran-2021-06-17-a-14.54.26.png&#8221; title_text=&#8221;Capture d\u2019\u00e9cran 2021-06-17 \u00e0 14.54.26&#8243; force_fullwidth=&#8221;on&#8221; _builder_version=&#8221;4.16&#8243; _module_preset=&#8221;default&#8221; height=&#8221;693px&#8221; global_colors_info=&#8221;{}&#8221;][\/et_pb_image][et_pb_divider show_divider=&#8221;off&#8221; _builder_version=&#8221;4.16&#8243; _module_preset=&#8221;default&#8221; global_colors_info=&#8221;{}&#8221;][\/et_pb_divider][et_pb_text _builder_version=&#8221;4.23&#8243; _module_preset=&#8221;default&#8221; text_font_size=&#8221;77px&#8221; text_letter_spacing=&#8221;4px&#8221; text_line_height=&#8221;1.6em&#8221; header_2_font=&#8221;|600||on|||||&#8221; header_2_text_color=&#8221;#121722&#8243; global_colors_info=&#8221;{}&#8221;]<h2><span>I vini<\/span><\/h2>[\/et_pb_text][et_pb_divider _builder_version=&#8221;4.16&#8243; _module_preset=&#8221;default&#8221; global_colors_info=&#8221;{}&#8221;][\/et_pb_divider][et_pb_text _builder_version=&#8221;4.23&#8243; _module_preset=&#8221;default&#8221; global_colors_info=&#8221;{}&#8221;]<h3><span style=\"color: #003366\"><strong><span>Quale tipo di vino cercate di produrre?<\/span><\/strong><\/span><\/h3>[\/et_pb_text][et_pb_text _builder_version=&#8221;4.23&#8243; _module_preset=&#8221;default&#8221; text_font_size=&#8221;18px&#8221; text_line_height=&#8221;1.8em&#8221; global_colors_info=&#8221;{}&#8221;]<p><span>&#8220;Champagne puri ed espressivi con poco o nessun dosaggio che riflettono senza artifici il terroir da cui provengono. Questo \u00e8 ci\u00f2 che chiamiamo &#8216;il senso del naturale&#8217;. Il nostro vigneto si trova in gran parte a Cormicy, a nord-ovest di Reims, nel Massiccio di Saint-Thierry, su terreni silicei calcarei. Questi ultimi conferiscono ai nostri Champagne una bella mineralit\u00e0 e una certa tensione. I nostri Meuniers (40% del nostro vitigno) prosperano su suoli argillo-calcarei, composti da argilla pi\u00f9 pesante. Presentano un aroma pi\u00f9 morbido e molto interessante da lavorare.&#8221;<\/span><\/p>[\/et_pb_text][et_pb_text _builder_version=&#8221;4.23&#8243; _module_preset=&#8221;default&#8221; global_colors_info=&#8221;{}&#8221;]<h3><span style=\"color: #003366\"><b><span>Parli spesso di vinificazioni parcellari e comparative. Potresti spiegarci in cosa consiste questo metodo?<\/span><\/b><\/span><\/h3>\n<div><\/div>[\/et_pb_text][et_pb_text _builder_version=&#8221;4.23&#8243; _module_preset=&#8221;default&#8221; global_colors_info=&#8221;{}&#8221;]<div><span>&#8220;Vinifichiamo ogni parcella separatamente per poter conservare tutta la tipicit\u00e0 di un terroir. Il vino di una stessa parcella passa poi in barrique. Una piccola particolarit\u00e0 della Maison: non lo facciamo invecchiare in una sola barrique, ma in cinque! Tutte provengono dalla Borgogna e hanno avuto diverse vite prima di arrivare a noi. Ognuna di esse, a modo suo, porter\u00e0 qualcosa di diverso al vino. Una volta terminata la fase di invecchiamento, selezioniamo la barrique che ci offre l&#8217;espressione pi\u00f9 bella. Le altre saranno utilizzate come vini di riserva e serviranno per l&#8217;assemblaggio della nostra Cuv\u00e9e &#8216;Les Murgiers&#8217;.&#8221;<\/span><\/div>\n<div><\/div>[\/et_pb_text][et_pb_testimonial portrait_url=&#8221;https:\/\/www.plus-de-bulles.com\/blog\/wp-content\/uploads\/2024\/02\/BT2A1912.jpg&#8221; quote_icon_color=&#8221;#E02B20&#8243; quote_icon_background_color=&#8221;#FFFFFF&#8221; portrait_width=&#8221;120px&#8221; portrait_height=&#8221;120px&#8221; use_icon_font_size=&#8221;on&#8221; quote_icon_tablet=&#8221;&#8221; quote_icon_phone=&#8221;&#8221; quote_icon_last_edited=&#8221;on|desktop&#8221; _builder_version=&#8221;4.23&#8243; _module_preset=&#8221;default&#8221; body_font_size=&#8221;19px&#8221; author_font=&#8221;|700||on|||||&#8221; global_colors_info=&#8221;{}&#8221;]<h3><span style=\"color: #003366\"><strong><span>Cos&#8217;\u00e8 un buon Champagne secondo te?<\/span><\/strong><\/span><\/h3>\n<p>&#8220;\u00c8 tutta una questione di vibrazione. Un buon Champagne \u00e8 un vino che si abbina ai tuoi gusti, ovviamente, ma soprattutto alla tua energia del momento. Per me, i vini hanno un&#8217;anima. <strong>In generale, direi che inconsciamente il viticoltore trasmette il suo modo di essere ai vini.<\/strong><\/p>\n<p>Quando degusto un vino, se lo trovo austero, percepisco che \u00e8 un tratto della personalit\u00e0 del suo creatore. Quando mio padre se n&#8217;\u00e8 andato, i nostri clienti ci hanno fatto notare che i nostri vini erano cambiati. Anche i professionisti con cui lavoro lo hanno notato. Percepiscono una maggiore sensibilit\u00e0 senza riuscire a spiegarlo veramente.&#8221;<\/p>\n<div><\/div>[\/et_pb_testimonial][et_pb_text _builder_version=&#8221;4.23&#8243; _module_preset=&#8221;default&#8221; global_colors_info=&#8221;{}&#8221;]<h3><span style=\"color: #003366\"><b><span>Avete anche delle camere per gli ospiti. Come riuscite a conciliare tutto?<\/span><\/b><\/span><\/h3>\n<div><\/div>[\/et_pb_text][et_pb_text _builder_version=&#8221;4.23&#8243; _module_preset=&#8221;default&#8221; global_colors_info=&#8221;{}&#8221;]<div><span>&#8220;S\u00ec, ne abbiamo due che possono ospitare fino a 6 persone. Vi associamo anche delle degustazioni. \u00c8 Matthieu, mio marito, che se ne occupa. Questo \u00e8 il vantaggio del lavoro in famiglia. E abbiamo gi\u00e0 tante idee in mente per i prossimi anni. Leonardo da Vinci aveva proprio ragione quando diceva che il movimento \u00e8 il principio di ogni vita!&#8221;<\/span><\/div>\n<div><\/div>[\/et_pb_text][et_pb_divider show_divider=&#8221;off&#8221; _builder_version=&#8221;4.16&#8243; _module_preset=&#8221;default&#8221; global_colors_info=&#8221;{}&#8221;][\/et_pb_divider][et_pb_divider show_divider=&#8221;off&#8221; _builder_version=&#8221;4.16&#8243; _module_preset=&#8221;default&#8221; global_colors_info=&#8221;{}&#8221;][\/et_pb_divider][et_pb_text _builder_version=&#8221;4.23&#8243; _module_preset=&#8221;default&#8221; text_letter_spacing=&#8221;2px&#8221; header_2_font=&#8221;|600||on|||||&#8221; header_2_text_color=&#8221;#121722&#8243; global_colors_info=&#8221;{}&#8221;]<h2>La cuv\u00e9e Petraea<\/h2>[\/et_pb_text][et_pb_divider _builder_version=&#8221;4.16&#8243; _module_preset=&#8221;default&#8221; global_colors_info=&#8221;{}&#8221;][\/et_pb_divider][et_pb_image src=&#8221;https:\/\/www.plus-de-bulles.com\/blog\/wp-content\/uploads\/2024\/02\/Capture-decran-2021-06-17-a-17.21.37.png&#8221; title_text=&#8221;Capture d\u2019\u00e9cran 2021-06-17 \u00e0 17.21.37&#8243; align=&#8221;center&#8221; _builder_version=&#8221;4.16&#8243; _module_preset=&#8221;default&#8221; global_colors_info=&#8221;{}&#8221;][\/et_pb_image][et_pb_text _builder_version=&#8221;4.23&#8243; _module_preset=&#8221;default&#8221; global_colors_info=&#8221;{}&#8221;]<p><span style=\"color: #003366\"><b><span>Avete chiamato una delle vostre Cuv\u00e9e &#8216;PETRAEA&#8217;, che significa &#8216;quercia&#8217; in latino. \u00c8 un omaggio alla vinificazione sotto legno?<\/span><\/b><\/span><span style=\"color: #003366\"><b> <\/b><\/span><\/p>\n<div><\/div>[\/et_pb_text][et_pb_text _builder_version=&#8221;4.23&#8243; _module_preset=&#8221;default&#8221; text_font_size=&#8221;18px&#8221; text_line_height=&#8221;1.8em&#8221; global_colors_info=&#8221;{}&#8221;]<div><strong><span>Un bel omaggio in ogni caso.<\/span><\/strong> <span>Mio padre ha iniziato a lavorare con le barrique nel 1997. Prima, utilizzava solo vasche in acciaio inox, ma trovava che mancasse veramente qualcosa ai suoi vini. \u00c8 cos\u00ec che \u00e8 diventato il primo cliente della Tonnellerie Artisanale di Champagne! Anch&#8217;io ho molte affinit\u00e0 con le barrique.<\/span> <span>Trovo che<\/span> <span style=\"color: #ffcc00\"><strong><span>abbiano una sensibilit\u00e0 particolare e un aroma diverso che conferiscono maggiore complessit\u00e0 e profondit\u00e0 ai nostri Champagne.<\/span><\/strong><\/span><\/div>\n<div><\/div>[\/et_pb_text][et_pb_divider show_divider=&#8221;off&#8221; _builder_version=&#8221;4.16&#8243; _module_preset=&#8221;default&#8221; global_colors_info=&#8221;{}&#8221;][\/et_pb_divider][et_pb_divider show_divider=&#8221;off&#8221; _builder_version=&#8221;4.16&#8243; _module_preset=&#8221;default&#8221; global_colors_info=&#8221;{}&#8221;][\/et_pb_divider][\/et_pb_column][\/et_pb_row][\/et_pb_section]\n","protected":false},"excerpt":{"rendered":"<p>Ci\u00f2 che amiamo su Plus de Bulles sono i percorsi atipici e i destini che non sono gi\u00e0 tutti tracciati. Delphine Boulard ne \u00e8 un esempio perfetto. Ex arredatrice d&#8217;interni, un giorno decide di tornare nel Domaine dove \u00e8 cresciuta. Incontro con questa &#8216;tuttofare&#8217; dalla sensibilit\u00e0 esacerbata.La donnaQual \u00e8 il tuo primo ricordo legato alla [&hellip;]<\/p>\n","protected":false},"author":2,"featured_media":0,"comment_status":"open","ping_status":"closed","sticky":false,"template":"","format":"standard","meta":{"_et_pb_use_builder":"on","_et_pb_old_content":"","_et_gb_content_width":"","footnotes":""},"categories":[27],"tags":[],"yoast_head":"<!-- This site is optimized with the Yoast SEO plugin v20.4 - https:\/\/yoast.com\/wordpress\/plugins\/seo\/ -->\n<title>Delphine Boulard, incontro vibrante con una straordinaria donna di Champagne<\/title>\n<meta name=\"description\" content=\"Immergetevi in un incontro vibrante con Delphine Boulard. Scoprite la sua storia appassionante e il suo impegno nell&#039;universo dello Champagne.\" \/>\n<meta name=\"robots\" content=\"index, follow, max-snippet:-1, max-image-preview:large, max-video-preview:-1\" \/>\n<link rel=\"canonical\" href=\"https:\/\/www.plus-de-bulles.it\/blog\/delphine-boulard-incontro-vibrante-con-una-straordinaria-donna-dello-champagne\/\" \/>\n<meta property=\"og:locale\" content=\"it_IT\" \/>\n<meta property=\"og:type\" content=\"article\" \/>\n<meta property=\"og:title\" content=\"Delphine Boulard, incontro vibrante con una straordinaria donna di Champagne\" \/>\n<meta property=\"og:description\" content=\"Immergetevi in un incontro vibrante con Delphine Boulard. Scoprite la sua storia appassionante e il suo impegno nell&#039;universo dello Champagne.\" \/>\n<meta property=\"og:url\" content=\"https:\/\/www.plus-de-bulles.it\/blog\/delphine-boulard-incontro-vibrante-con-una-straordinaria-donna-dello-champagne\/\" \/>\n<meta property=\"og:site_name\" content=\"Pi\u00f9 consigli su Bulles\" \/>\n<meta property=\"article:published_time\" content=\"2025-06-06T13:43:00+00:00\" \/>\n<meta property=\"article:modified_time\" content=\"2024-08-29T14:51:11+00:00\" \/>\n<meta name=\"author\" content=\"Benjamin Cherri\u00e8re\" \/>\n<meta name=\"twitter:card\" content=\"summary_large_image\" \/>\n<meta name=\"twitter:label1\" content=\"Written by\" \/>\n\t<meta name=\"twitter:data1\" content=\"Benjamin Cherri\u00e8re\" \/>\n\t<meta name=\"twitter:label2\" content=\"Est. reading time\" \/>\n\t<meta name=\"twitter:data2\" content=\"8 minuti\" \/>\n<script type=\"application\/ld+json\" class=\"yoast-schema-graph\">{\"@context\":\"https:\/\/schema.org\",\"@graph\":[{\"@type\":\"WebPage\",\"@id\":\"https:\/\/www.plus-de-bulles.it\/blog\/delphine-boulard-incontro-vibrante-con-una-straordinaria-donna-dello-champagne\/\",\"url\":\"https:\/\/www.plus-de-bulles.it\/blog\/delphine-boulard-incontro-vibrante-con-una-straordinaria-donna-dello-champagne\/\",\"name\":\"Delphine Boulard, incontro vibrante con una straordinaria donna di Champagne\",\"isPartOf\":{\"@id\":\"https:\/\/www.plus-de-bulles.it\/blog\/#website\"},\"datePublished\":\"2025-06-06T13:43:00+00:00\",\"dateModified\":\"2024-08-29T14:51:11+00:00\",\"author\":{\"@id\":\"https:\/\/www.plus-de-bulles.it\/blog\/#\/schema\/person\/a05d8d5ed5097dc6a6f9724a546bba23\"},\"description\":\"Immergetevi in un incontro vibrante con Delphine Boulard. Scoprite la sua storia appassionante e il suo impegno nell'universo dello Champagne.\",\"breadcrumb\":{\"@id\":\"https:\/\/www.plus-de-bulles.it\/blog\/delphine-boulard-incontro-vibrante-con-una-straordinaria-donna-dello-champagne\/#breadcrumb\"},\"inLanguage\":\"it-IT\",\"potentialAction\":[{\"@type\":\"ReadAction\",\"target\":[\"https:\/\/www.plus-de-bulles.it\/blog\/delphine-boulard-incontro-vibrante-con-una-straordinaria-donna-dello-champagne\/\"]}]},{\"@type\":\"BreadcrumbList\",\"@id\":\"https:\/\/www.plus-de-bulles.it\/blog\/delphine-boulard-incontro-vibrante-con-una-straordinaria-donna-dello-champagne\/#breadcrumb\",\"itemListElement\":[{\"@type\":\"ListItem\",\"position\":1,\"name\":\"Home\",\"item\":\"https:\/\/www.plus-de-bulles.it\/blog\/\"},{\"@type\":\"ListItem\",\"position\":2,\"name\":\"Reportage\",\"item\":\"https:\/\/www.plus-de-bulles.it\/blog\/reportage-domaine-champagne\/\"},{\"@type\":\"ListItem\",\"position\":3,\"name\":\"Delphine Boulard, incontro vibrante con una straordinaria donna di Champagne\"}]},{\"@type\":\"WebSite\",\"@id\":\"https:\/\/www.plus-de-bulles.it\/blog\/#website\",\"url\":\"https:\/\/www.plus-de-bulles.it\/blog\/\",\"name\":\"Pi\u00f9 consigli su Bulles\",\"description\":\"\",\"potentialAction\":[{\"@type\":\"SearchAction\",\"target\":{\"@type\":\"EntryPoint\",\"urlTemplate\":\"https:\/\/www.plus-de-bulles.it\/blog\/?s={search_term_string}\"},\"query-input\":\"required name=search_term_string\"}],\"inLanguage\":\"it-IT\"},{\"@type\":\"Person\",\"@id\":\"https:\/\/www.plus-de-bulles.it\/blog\/#\/schema\/person\/a05d8d5ed5097dc6a6f9724a546bba23\",\"name\":\"Benjamin Cherri\u00e8re\",\"image\":{\"@type\":\"ImageObject\",\"inLanguage\":\"it-IT\",\"@id\":\"https:\/\/www.plus-de-bulles.it\/blog\/#\/schema\/person\/image\/\",\"url\":\"https:\/\/secure.gravatar.com\/avatar\/bee8a44009f0a5ab886e265abaf2f146?s=96&d=mm&r=g\",\"contentUrl\":\"https:\/\/secure.gravatar.com\/avatar\/bee8a44009f0a5ab886e265abaf2f146?s=96&d=mm&r=g\",\"caption\":\"Benjamin Cherri\u00e8re\"},\"description\":\"J'ai fond\u00e9 Plus de Bulles en 2007 avec l'id\u00e9e de montrer que derri\u00e8re le mot champagne se cachaient une infinit\u00e9 de nuances et de styles. Depuis lors, je parcours la Champagne \u00e0 la d\u00e9couverte de nouveaux talents et de pr\u00e9cieuses p\u00e9pites \u00e0 partager.\",\"sameAs\":[\"https:\/\/www.plus-de-bulles.com\/blog\/\",\"https:\/\/www.instagram.com\/bcherriere\",\"https:\/\/www.youtube.com\/channel\/UCADHb9100clcUVUm247xHzA\"],\"url\":\"https:\/\/www.plus-de-bulles.it\/blog\/author\/bcherriere\/\"}]}<\/script>\n<!-- \/ Yoast SEO plugin. -->","yoast_head_json":{"title":"Delphine Boulard, incontro vibrante con una straordinaria donna di Champagne","description":"Immergetevi in un incontro vibrante con Delphine Boulard. Scoprite la sua storia appassionante e il suo impegno nell'universo dello Champagne.","robots":{"index":"index","follow":"follow","max-snippet":"max-snippet:-1","max-image-preview":"max-image-preview:large","max-video-preview":"max-video-preview:-1"},"canonical":"https:\/\/www.plus-de-bulles.it\/blog\/delphine-boulard-incontro-vibrante-con-una-straordinaria-donna-dello-champagne\/","og_locale":"it_IT","og_type":"article","og_title":"Delphine Boulard, incontro vibrante con una straordinaria donna di Champagne","og_description":"Immergetevi in un incontro vibrante con Delphine Boulard. Scoprite la sua storia appassionante e il suo impegno nell'universo dello Champagne.","og_url":"https:\/\/www.plus-de-bulles.it\/blog\/delphine-boulard-incontro-vibrante-con-una-straordinaria-donna-dello-champagne\/","og_site_name":"Pi\u00f9 consigli su Bulles","article_published_time":"2025-06-06T13:43:00+00:00","article_modified_time":"2024-08-29T14:51:11+00:00","author":"Benjamin Cherri\u00e8re","twitter_card":"summary_large_image","twitter_misc":{"Written by":"Benjamin Cherri\u00e8re","Est. reading time":"8 minuti"},"schema":{"@context":"https:\/\/schema.org","@graph":[{"@type":"WebPage","@id":"https:\/\/www.plus-de-bulles.it\/blog\/delphine-boulard-incontro-vibrante-con-una-straordinaria-donna-dello-champagne\/","url":"https:\/\/www.plus-de-bulles.it\/blog\/delphine-boulard-incontro-vibrante-con-una-straordinaria-donna-dello-champagne\/","name":"Delphine Boulard, incontro vibrante con una straordinaria donna di Champagne","isPartOf":{"@id":"https:\/\/www.plus-de-bulles.it\/blog\/#website"},"datePublished":"2025-06-06T13:43:00+00:00","dateModified":"2024-08-29T14:51:11+00:00","author":{"@id":"https:\/\/www.plus-de-bulles.it\/blog\/#\/schema\/person\/a05d8d5ed5097dc6a6f9724a546bba23"},"description":"Immergetevi in un incontro vibrante con Delphine Boulard. Scoprite la sua storia appassionante e il suo impegno nell'universo dello Champagne.","breadcrumb":{"@id":"https:\/\/www.plus-de-bulles.it\/blog\/delphine-boulard-incontro-vibrante-con-una-straordinaria-donna-dello-champagne\/#breadcrumb"},"inLanguage":"it-IT","potentialAction":[{"@type":"ReadAction","target":["https:\/\/www.plus-de-bulles.it\/blog\/delphine-boulard-incontro-vibrante-con-una-straordinaria-donna-dello-champagne\/"]}]},{"@type":"BreadcrumbList","@id":"https:\/\/www.plus-de-bulles.it\/blog\/delphine-boulard-incontro-vibrante-con-una-straordinaria-donna-dello-champagne\/#breadcrumb","itemListElement":[{"@type":"ListItem","position":1,"name":"Home","item":"https:\/\/www.plus-de-bulles.it\/blog\/"},{"@type":"ListItem","position":2,"name":"Reportage","item":"https:\/\/www.plus-de-bulles.it\/blog\/reportage-domaine-champagne\/"},{"@type":"ListItem","position":3,"name":"Delphine Boulard, incontro vibrante con una straordinaria donna di Champagne"}]},{"@type":"WebSite","@id":"https:\/\/www.plus-de-bulles.it\/blog\/#website","url":"https:\/\/www.plus-de-bulles.it\/blog\/","name":"Pi\u00f9 consigli su Bulles","description":"","potentialAction":[{"@type":"SearchAction","target":{"@type":"EntryPoint","urlTemplate":"https:\/\/www.plus-de-bulles.it\/blog\/?s={search_term_string}"},"query-input":"required name=search_term_string"}],"inLanguage":"it-IT"},{"@type":"Person","@id":"https:\/\/www.plus-de-bulles.it\/blog\/#\/schema\/person\/a05d8d5ed5097dc6a6f9724a546bba23","name":"Benjamin Cherri\u00e8re","image":{"@type":"ImageObject","inLanguage":"it-IT","@id":"https:\/\/www.plus-de-bulles.it\/blog\/#\/schema\/person\/image\/","url":"https:\/\/secure.gravatar.com\/avatar\/bee8a44009f0a5ab886e265abaf2f146?s=96&d=mm&r=g","contentUrl":"https:\/\/secure.gravatar.com\/avatar\/bee8a44009f0a5ab886e265abaf2f146?s=96&d=mm&r=g","caption":"Benjamin Cherri\u00e8re"},"description":"J'ai fond\u00e9 Plus de Bulles en 2007 avec l'id\u00e9e de montrer que derri\u00e8re le mot champagne se cachaient une infinit\u00e9 de nuances et de styles. Depuis lors, je parcours la Champagne \u00e0 la d\u00e9couverte de nouveaux talents et de pr\u00e9cieuses p\u00e9pites \u00e0 partager.","sameAs":["https:\/\/www.plus-de-bulles.com\/blog\/","https:\/\/www.instagram.com\/bcherriere","https:\/\/www.youtube.com\/channel\/UCADHb9100clcUVUm247xHzA"],"url":"https:\/\/www.plus-de-bulles.it\/blog\/author\/bcherriere\/"}]}},"_links":{"self":[{"href":"https:\/\/www.plus-de-bulles.it\/blog\/wp-json\/wp\/v2\/posts\/23598"}],"collection":[{"href":"https:\/\/www.plus-de-bulles.it\/blog\/wp-json\/wp\/v2\/posts"}],"about":[{"href":"https:\/\/www.plus-de-bulles.it\/blog\/wp-json\/wp\/v2\/types\/post"}],"author":[{"embeddable":true,"href":"https:\/\/www.plus-de-bulles.it\/blog\/wp-json\/wp\/v2\/users\/2"}],"replies":[{"embeddable":true,"href":"https:\/\/www.plus-de-bulles.it\/blog\/wp-json\/wp\/v2\/comments?post=23598"}],"version-history":[{"count":9,"href":"https:\/\/www.plus-de-bulles.it\/blog\/wp-json\/wp\/v2\/posts\/23598\/revisions"}],"predecessor-version":[{"id":26894,"href":"https:\/\/www.plus-de-bulles.it\/blog\/wp-json\/wp\/v2\/posts\/23598\/revisions\/26894"}],"wp:attachment":[{"href":"https:\/\/www.plus-de-bulles.it\/blog\/wp-json\/wp\/v2\/media?parent=23598"}],"wp:term":[{"taxonomy":"category","embeddable":true,"href":"https:\/\/www.plus-de-bulles.it\/blog\/wp-json\/wp\/v2\/categories?post=23598"},{"taxonomy":"post_tag","embeddable":true,"href":"https:\/\/www.plus-de-bulles.it\/blog\/wp-json\/wp\/v2\/tags?post=23598"}],"curies":[{"name":"wp","href":"https:\/\/api.w.org\/{rel}","templated":true}]}}